{"id":10035,"date":"2019-06-03T07:00:32","date_gmt":"2019-06-03T05:00:32","guid":{"rendered":"http:\/\/www.kle-blatt.de\/blog\/?p=10035"},"modified":"2019-05-20T16:40:07","modified_gmt":"2019-05-20T14:40:07","slug":"klever-innenstadt-in-den-sechzigern","status":"publish","type":"post","link":"https:\/\/www.kle-blatt.de\/blog\/kleve-in-foto-video\/klever-innenstadt-in-den-sechzigern.html","title":{"rendered":"Klever Innenstadt in den Sechzigern"},"content":{"rendered":"<p><strong>Klever Innenstadt in den Sechzigern<\/strong><\/p>\n<p>Diese interessante Ansichtskarte stammt aus dem Jahr 1961 und zeigt \u00fcberdeutlich, dass derzeit noch die Stra\u00dfenbahn fuhr. Das erkennt man nicht nur an den Schienen auf der Stra\u00dfe, sondern auch an den Leitungen dar\u00fcber.<\/p>\n<p><a href=\"http:\/\/www.kle-blatt.de\/blog\/wp-content\/uploads\/2014\/05\/0-innenstadt-1961.jpg\"><img loading=\"lazy\" decoding=\"async\" class=\"alignleft size-full wp-image-10036\" src=\"http:\/\/www.kle-blatt.de\/blog\/wp-content\/uploads\/2014\/05\/0-innenstadt-1961.jpg\" alt=\"Klever Innenstadt in den Sechzigern\" width=\"850\" height=\"509\" \/><\/a><\/p>\n","protected":false},"excerpt":{"rendered":"<p>Klever Innenstadt in den Sechzigern Diese interessante Ansichtskarte stammt aus dem Jahr 1961 und zeigt \u00fcberdeutlich, dass derzeit noch die &hellip; <a href=\"https:\/\/www.kle-blatt.de\/blog\/kleve-in-foto-video\/klever-innenstadt-in-den-sechzigern.html\" class=\"more-link\"><span class=\"more-button\">Weiterlesen<span class=\"screen-reader-text\">Klever Innenstadt in den Sechzigern<\/span><\/span><\/a><\/p>\n","protected":false},"author":2,"featured_media":0,"comment_status":"open","ping_status":"closed","sticky":false,"template":"","format":"standard","meta":{"footnotes":""},"categories":[3],"tags":[2191],"class_list":["post-10035","post","type-post","status-publish","format-standard","hentry","category-kleve-in-foto-video","tag-klever-innenstadt-in-den-sechzigern"],"_links":{"self":[{"href":"https:\/\/www.kle-blatt.de\/blog\/wp-json\/wp\/v2\/posts\/10035","targetHints":{"allow":["GET"]}}],"collection":[{"href":"https:\/\/www.kle-blatt.de\/blog\/wp-json\/wp\/v2\/posts"}],"about":[{"href":"https:\/\/www.kle-blatt.de\/blog\/wp-json\/wp\/v2\/types\/post"}],"author":[{"embeddable":true,"href":"https:\/\/www.kle-blatt.de\/blog\/wp-json\/wp\/v2\/users\/2"}],"replies":[{"embeddable":true,"href":"https:\/\/www.kle-blatt.de\/blog\/wp-json\/wp\/v2\/comments?post=10035"}],"version-history":[{"count":0,"href":"https:\/\/www.kle-blatt.de\/blog\/wp-json\/wp\/v2\/posts\/10035\/revisions"}],"wp:attachment":[{"href":"https:\/\/www.kle-blatt.de\/blog\/wp-json\/wp\/v2\/media?parent=10035"}],"wp:term":[{"taxonomy":"category","embeddable":true,"href":"https:\/\/www.kle-blatt.de\/blog\/wp-json\/wp\/v2\/categories?post=10035"},{"taxonomy":"post_tag","embeddable":true,"href":"https:\/\/www.kle-blatt.de\/blog\/wp-json\/wp\/v2\/tags?post=10035"}],"curies":[{"name":"wp","href":"https:\/\/api.w.org\/{rel}","templated":true}]}}