{"id":1004,"date":"2013-01-31T15:07:55","date_gmt":"2013-01-31T13:07:55","guid":{"rendered":"http:\/\/www.kle-blatt.de\/blog\/?p=1004"},"modified":"2013-02-23T11:27:23","modified_gmt":"2013-02-23T09:27:23","slug":"die-dunkle-seite-von-kleve","status":"publish","type":"post","link":"https:\/\/www.kle-blatt.de\/blog\/kleve-in-foto-video\/die-dunkle-seite-von-kleve.html","title":{"rendered":"Die dunkle Seite von Kleve"},"content":{"rendered":"<p><strong><span style=\"font-family: Arial; font-size: medium;\">Atmosph\u00e4rischer Abendspaziergang durch Kleve<\/span> <\/strong><\/p>\n<p>Wie w\u00e4re es mit einer Themenf\u00fchrung zum Thema:<\/p>\n<p>&#8222;Die dunkle Seite von Kleve&#8220;<\/p>\n<p>Wegen gro\u00dfer Nachfrage nach dieser beliebten Abendf\u00fchrung bietet Kleve Marketing wieder Termine an.<\/p>\n<p>Am 15. und am 24.Februar sowie am 08. M\u00e4rz wird die Historikerin Frau Helga Ullrich-Scheyda erneut die d\u00fcsteren Seiten der Klever Stadtgeschichte beleuchten. Der Rundgang wird etwa zwei Stunden dauern und beginnt um 18.30 Uhr am Koekkoekplatz. Es geht ganz spannend und prickelnd um das Treiben von R\u00e4uberbanden,\u00a0 besuchen von Hinrichtungsst\u00e4tten und um n\u00e4chtliche Vergn\u00fcgungen, die in vergangenen Zeiten in Kleve stattgefunden haben.<\/p>\n<p>Pro Person sind lediglich 4 Euro pro Person zu entrichten.<\/p>\n<p>Eine Anmeldung ist erforderlich und kann bei <a href=\"http:\/\/www.kleve-tourismus.de\/\">Kleve Marketing<\/a> unter der Telefonnummer 02821-895090 erfolgen.<\/p>\n<p><a href=\"http:\/\/www.kle-blatt.de\/blog\/wp-content\/uploads\/2013\/01\/baum1.jpg\"><img loading=\"lazy\" decoding=\"async\" class=\"alignleft size-full wp-image-1005\" alt=\"baum1\" src=\"http:\/\/www.kle-blatt.de\/blog\/wp-content\/uploads\/2013\/01\/baum1.jpg\" width=\"650\" height=\"885\" srcset=\"https:\/\/www.kle-blatt.de\/blog\/wp-content\/uploads\/2013\/01\/baum1.jpg 650w, https:\/\/www.kle-blatt.de\/blog\/wp-content\/uploads\/2013\/01\/baum1-220x300.jpg 220w\" sizes=\"auto, (max-width: 650px) 100vw, 650px\" \/><\/a><\/p>\n<p><strong>(\u00a9 Maro-Fotodesign<\/strong>)<\/p>\n","protected":false},"excerpt":{"rendered":"<p>Atmosph\u00e4rischer Abendspaziergang durch Kleve Wie w\u00e4re es mit einer Themenf\u00fchrung zum Thema: &#8222;Die dunkle Seite von Kleve&#8220; Wegen gro\u00dfer Nachfrage &hellip; <a href=\"https:\/\/www.kle-blatt.de\/blog\/kleve-in-foto-video\/die-dunkle-seite-von-kleve.html\" class=\"more-link\"><span class=\"more-button\">Weiterlesen<span class=\"screen-reader-text\">Die dunkle Seite von Kleve<\/span><\/span><\/a><\/p>\n","protected":false},"author":2,"featured_media":0,"comment_status":"open","ping_status":"open","sticky":false,"template":"","format":"standard","meta":{"footnotes":""},"categories":[3],"tags":[344],"class_list":["post-1004","post","type-post","status-publish","format-standard","hentry","category-kleve-in-foto-video","tag-die-dunkle-seite-von-kleve"],"_links":{"self":[{"href":"https:\/\/www.kle-blatt.de\/blog\/wp-json\/wp\/v2\/posts\/1004","targetHints":{"allow":["GET"]}}],"collection":[{"href":"https:\/\/www.kle-blatt.de\/blog\/wp-json\/wp\/v2\/posts"}],"about":[{"href":"https:\/\/www.kle-blatt.de\/blog\/wp-json\/wp\/v2\/types\/post"}],"author":[{"embeddable":true,"href":"https:\/\/www.kle-blatt.de\/blog\/wp-json\/wp\/v2\/users\/2"}],"replies":[{"embeddable":true,"href":"https:\/\/www.kle-blatt.de\/blog\/wp-json\/wp\/v2\/comments?post=1004"}],"version-history":[{"count":0,"href":"https:\/\/www.kle-blatt.de\/blog\/wp-json\/wp\/v2\/posts\/1004\/revisions"}],"wp:attachment":[{"href":"https:\/\/www.kle-blatt.de\/blog\/wp-json\/wp\/v2\/media?parent=1004"}],"wp:term":[{"taxonomy":"category","embeddable":true,"href":"https:\/\/www.kle-blatt.de\/blog\/wp-json\/wp\/v2\/categories?post=1004"},{"taxonomy":"post_tag","embeddable":true,"href":"https:\/\/www.kle-blatt.de\/blog\/wp-json\/wp\/v2\/tags?post=1004"}],"curies":[{"name":"wp","href":"https:\/\/api.w.org\/{rel}","templated":true}]}}