{"id":10067,"date":"2025-07-28T07:10:31","date_gmt":"2025-07-28T05:10:31","guid":{"rendered":"http:\/\/www.kle-blatt.de\/blog\/?p=10067"},"modified":"2025-05-14T11:58:39","modified_gmt":"2025-05-14T09:58:39","slug":"das-world-center-in-kleve-voll-und-rot","status":"publish","type":"post","link":"https:\/\/www.kle-blatt.de\/blog\/kleve-in-foto-video\/aus-dem-privatalbum\/das-world-center-in-kleve-voll-und-rot.html","title":{"rendered":"Das World Center in Kleve &#8211; Voll und Rot"},"content":{"rendered":"<p><strong>Das World Center in Kleve &#8211; Voll und Rot<\/strong><\/p>\n<p>Proppenvoll und in tiefrotes Licht getaucht pr\u00e4sentierte sich im Jahre 2002 noch das World Center im Tichelpark. Wie man an den begeisterten Besuchern sehen kann, geh\u00f6rte es damals noch zu den beliebtesten Jugend-Treffs in Kleve. Wie soviel andere Institutionen, die dem Feiern und Treffen zum Tanzen, Bierchen trinken und Abfeiern in Kleve dem schlechten Management der Besitzer, dem Nichtrauchergesetz und anderen widrigen Umst\u00e4nden zum Opfer gefallen sind, so gibt es auch f\u00fcr das damalige World Center heute -bis auf vereinzelte Ausnahmen- kaum noch ad\u00e4quaten Ersatz in der Schwanenstadt. M\u00f6glicherweise hat sich das aktuell wieder ge\u00e4ndert. Nun befindet sich dort Thom\u2019s\/Moya Club.<\/p>\n<p><a href=\"http:\/\/www.kle-blatt.de\/blog\/wp-content\/uploads\/2014\/05\/wc-2002.jpg\"><img loading=\"lazy\" decoding=\"async\" class=\"size-full wp-image-10068 aligncenter\" src=\"http:\/\/www.kle-blatt.de\/blog\/wp-content\/uploads\/2014\/05\/wc-2002.jpg\" alt=\"Das World Center in Kleve - Voll und Rot\" width=\"850\" height=\"464\" \/><\/a><br \/>\n(Foto: Daniel)<\/p>\n","protected":false},"excerpt":{"rendered":"<p>Das World Center in Kleve &#8211; Voll und Rot Proppenvoll und in tiefrotes Licht getaucht pr\u00e4sentierte sich im Jahre 2002 &hellip; <a href=\"https:\/\/www.kle-blatt.de\/blog\/kleve-in-foto-video\/aus-dem-privatalbum\/das-world-center-in-kleve-voll-und-rot.html\" class=\"more-link\"><span class=\"more-button\">Weiterlesen<span class=\"screen-reader-text\">Das World Center in Kleve &#8211; Voll und Rot<\/span><\/span><\/a><\/p>\n","protected":false},"author":2,"featured_media":10068,"comment_status":"closed","ping_status":"closed","sticky":false,"template":"","format":"standard","meta":{"footnotes":""},"categories":[20,5279],"tags":[2201],"class_list":["post-10067","post","type-post","status-publish","format-standard","has-post-thumbnail","hentry","category-aus-dem-privatalbum","category-klever-musik-und-diskoszene","tag-das-world-center-in-kleve-voll-und-rot"],"_links":{"self":[{"href":"https:\/\/www.kle-blatt.de\/blog\/wp-json\/wp\/v2\/posts\/10067","targetHints":{"allow":["GET"]}}],"collection":[{"href":"https:\/\/www.kle-blatt.de\/blog\/wp-json\/wp\/v2\/posts"}],"about":[{"href":"https:\/\/www.kle-blatt.de\/blog\/wp-json\/wp\/v2\/types\/post"}],"author":[{"embeddable":true,"href":"https:\/\/www.kle-blatt.de\/blog\/wp-json\/wp\/v2\/users\/2"}],"replies":[{"embeddable":true,"href":"https:\/\/www.kle-blatt.de\/blog\/wp-json\/wp\/v2\/comments?post=10067"}],"version-history":[{"count":3,"href":"https:\/\/www.kle-blatt.de\/blog\/wp-json\/wp\/v2\/posts\/10067\/revisions"}],"predecessor-version":[{"id":35427,"href":"https:\/\/www.kle-blatt.de\/blog\/wp-json\/wp\/v2\/posts\/10067\/revisions\/35427"}],"wp:featuredmedia":[{"embeddable":true,"href":"https:\/\/www.kle-blatt.de\/blog\/wp-json\/wp\/v2\/media\/10068"}],"wp:attachment":[{"href":"https:\/\/www.kle-blatt.de\/blog\/wp-json\/wp\/v2\/media?parent=10067"}],"wp:term":[{"taxonomy":"category","embeddable":true,"href":"https:\/\/www.kle-blatt.de\/blog\/wp-json\/wp\/v2\/categories?post=10067"},{"taxonomy":"post_tag","embeddable":true,"href":"https:\/\/www.kle-blatt.de\/blog\/wp-json\/wp\/v2\/tags?post=10067"}],"curies":[{"name":"wp","href":"https:\/\/api.w.org\/{rel}","templated":true}]}}