{"id":10118,"date":"2023-07-19T06:10:09","date_gmt":"2023-07-19T04:10:09","guid":{"rendered":"http:\/\/www.kle-blatt.de\/blog\/?p=10118"},"modified":"2023-06-16T12:32:56","modified_gmt":"2023-06-16T10:32:56","slug":"wachturm-storchennest","status":"publish","type":"post","link":"https:\/\/www.kle-blatt.de\/blog\/kleve-in-foto-video\/aus-dem-privatalbum\/wachturm-storchennest.html","title":{"rendered":"Ein Storch, der Rehe bewacht&#8230;"},"content":{"rendered":"<p><strong>Ein Storch, der Rehe bewacht&#8230;<\/strong><\/p>\n<p>Es hat den Anschein, als w\u00fcrde der Storch aus seinem Nest auf dem hohen Mast eine Art Wache halten \u00fcber die unter ihm \u00e4senden Rehe.<\/p>\n<p><a href=\"http:\/\/www.kle-blatt.de\/blog\/wp-content\/uploads\/2014\/05\/storch-+-rehe.jpg\"><img loading=\"lazy\" decoding=\"async\" class=\"size-full wp-image-10119 aligncenter\" src=\"https:\/\/www.kle-blatt.de\/blog\/wp-content\/uploads\/2014\/05\/storch-+-rehe.jpg\" alt=\"Ein Storch, der Rehe bewacht\" width=\"850\" height=\"1210\" \/> <\/a><br \/>\n(Foto: Birgit Merfeld)<\/p>\n","protected":false},"excerpt":{"rendered":"<p>Ein Storch, der Rehe bewacht&#8230; Es hat den Anschein, als w\u00fcrde der Storch aus seinem Nest auf dem hohen Mast &hellip; <a href=\"https:\/\/www.kle-blatt.de\/blog\/kleve-in-foto-video\/aus-dem-privatalbum\/wachturm-storchennest.html\" class=\"more-link\"><span class=\"more-button\">Weiterlesen<span class=\"screen-reader-text\">Ein Storch, der Rehe bewacht&#8230;<\/span><\/span><\/a><\/p>\n","protected":false},"author":2,"featured_media":10119,"comment_status":"open","ping_status":"closed","sticky":false,"template":"","format":"standard","meta":{"footnotes":""},"categories":[20],"tags":[2239,2217],"class_list":["post-10118","post","type-post","status-publish","format-standard","has-post-thumbnail","hentry","category-aus-dem-privatalbum","tag-wachtturm","tag-wachturm-storchennest"],"_links":{"self":[{"href":"https:\/\/www.kle-blatt.de\/blog\/wp-json\/wp\/v2\/posts\/10118","targetHints":{"allow":["GET"]}}],"collection":[{"href":"https:\/\/www.kle-blatt.de\/blog\/wp-json\/wp\/v2\/posts"}],"about":[{"href":"https:\/\/www.kle-blatt.de\/blog\/wp-json\/wp\/v2\/types\/post"}],"author":[{"embeddable":true,"href":"https:\/\/www.kle-blatt.de\/blog\/wp-json\/wp\/v2\/users\/2"}],"replies":[{"embeddable":true,"href":"https:\/\/www.kle-blatt.de\/blog\/wp-json\/wp\/v2\/comments?post=10118"}],"version-history":[{"count":2,"href":"https:\/\/www.kle-blatt.de\/blog\/wp-json\/wp\/v2\/posts\/10118\/revisions"}],"predecessor-version":[{"id":32283,"href":"https:\/\/www.kle-blatt.de\/blog\/wp-json\/wp\/v2\/posts\/10118\/revisions\/32283"}],"wp:featuredmedia":[{"embeddable":true,"href":"https:\/\/www.kle-blatt.de\/blog\/wp-json\/wp\/v2\/media\/10119"}],"wp:attachment":[{"href":"https:\/\/www.kle-blatt.de\/blog\/wp-json\/wp\/v2\/media?parent=10118"}],"wp:term":[{"taxonomy":"category","embeddable":true,"href":"https:\/\/www.kle-blatt.de\/blog\/wp-json\/wp\/v2\/categories?post=10118"},{"taxonomy":"post_tag","embeddable":true,"href":"https:\/\/www.kle-blatt.de\/blog\/wp-json\/wp\/v2\/tags?post=10118"}],"curies":[{"name":"wp","href":"https:\/\/api.w.org\/{rel}","templated":true}]}}