{"id":10142,"date":"2018-06-30T07:00:49","date_gmt":"2018-06-30T05:00:49","guid":{"rendered":"http:\/\/www.kle-blatt.de\/blog\/?p=10142"},"modified":"2018-05-08T11:57:02","modified_gmt":"2018-05-08T09:57:02","slug":"abendsonne-mitten-durch-die-stiftskirche","status":"publish","type":"post","link":"https:\/\/www.kle-blatt.de\/blog\/kleve-in-foto-video\/aus-dem-privatalbum\/abendsonne-mitten-durch-die-stiftskirche.html","title":{"rendered":"Abendsonne mitten durch die Stiftskirche"},"content":{"rendered":"<p><strong>Abendsonne mitten durch die Stiftskirche<\/strong><\/p>\n<p>Man muss wohl l\u00e4ngere Zeit Geduld haben, bis sich ein solches Motive er\u00f6ffnet. Die Abendsonne teilt quasi die beiden T\u00fcrme der Stiftskirche. Farblich und kompositorisch eine gro\u00dfartige Aufnahme von Kleve am Abend.<\/p>\n<p><a href=\"http:\/\/www.kle-blatt.de\/blog\/wp-content\/uploads\/2014\/05\/abend-stiftskirche.jpg\"><img loading=\"lazy\" decoding=\"async\" class=\"alignleft size-full wp-image-10143\" src=\"http:\/\/www.kle-blatt.de\/blog\/wp-content\/uploads\/2014\/05\/abend-stiftskirche.jpg\" alt=\"Abendsonne mitten durch die Stiftskirche\" width=\"849\" height=\"588\" \/><\/a><br \/>\n(Foto: Christian Flock)<\/p>\n","protected":false},"excerpt":{"rendered":"<p>Abendsonne mitten durch die Stiftskirche Man muss wohl l\u00e4ngere Zeit Geduld haben, bis sich ein solches Motive er\u00f6ffnet. Die Abendsonne &hellip; <a href=\"https:\/\/www.kle-blatt.de\/blog\/kleve-in-foto-video\/aus-dem-privatalbum\/abendsonne-mitten-durch-die-stiftskirche.html\" class=\"more-link\"><span class=\"more-button\">Weiterlesen<span class=\"screen-reader-text\">Abendsonne mitten durch die Stiftskirche<\/span><\/span><\/a><\/p>\n","protected":false},"author":2,"featured_media":0,"comment_status":"open","ping_status":"closed","sticky":false,"template":"","format":"standard","meta":{"footnotes":""},"categories":[20,3],"tags":[2224],"class_list":["post-10142","post","type-post","status-publish","format-standard","hentry","category-aus-dem-privatalbum","category-kleve-in-foto-video","tag-abendsonne-mitten-durch-die-stiftskirche"],"_links":{"self":[{"href":"https:\/\/www.kle-blatt.de\/blog\/wp-json\/wp\/v2\/posts\/10142","targetHints":{"allow":["GET"]}}],"collection":[{"href":"https:\/\/www.kle-blatt.de\/blog\/wp-json\/wp\/v2\/posts"}],"about":[{"href":"https:\/\/www.kle-blatt.de\/blog\/wp-json\/wp\/v2\/types\/post"}],"author":[{"embeddable":true,"href":"https:\/\/www.kle-blatt.de\/blog\/wp-json\/wp\/v2\/users\/2"}],"replies":[{"embeddable":true,"href":"https:\/\/www.kle-blatt.de\/blog\/wp-json\/wp\/v2\/comments?post=10142"}],"version-history":[{"count":0,"href":"https:\/\/www.kle-blatt.de\/blog\/wp-json\/wp\/v2\/posts\/10142\/revisions"}],"wp:attachment":[{"href":"https:\/\/www.kle-blatt.de\/blog\/wp-json\/wp\/v2\/media?parent=10142"}],"wp:term":[{"taxonomy":"category","embeddable":true,"href":"https:\/\/www.kle-blatt.de\/blog\/wp-json\/wp\/v2\/categories?post=10142"},{"taxonomy":"post_tag","embeddable":true,"href":"https:\/\/www.kle-blatt.de\/blog\/wp-json\/wp\/v2\/tags?post=10142"}],"curies":[{"name":"wp","href":"https:\/\/api.w.org\/{rel}","templated":true}]}}