{"id":10160,"date":"2025-06-09T06:00:04","date_gmt":"2025-06-09T04:00:04","guid":{"rendered":"http:\/\/www.kle-blatt.de\/blog\/?p=10160"},"modified":"2025-04-11T13:25:34","modified_gmt":"2025-04-11T11:25:34","slug":"markttreiben-beim-grossen-kurfuersten-in-kleve","status":"publish","type":"post","link":"https:\/\/www.kle-blatt.de\/blog\/kleve-in-foto-video\/markttreiben-beim-grossen-kurfuersten-in-kleve.html","title":{"rendered":"Markttreiben beim Gro\u00dfen Kurf\u00fcrsten in Kleve"},"content":{"rendered":"<p><strong>Markttreiben beim Gro\u00dfen Kurf\u00fcrsten in Kleve<\/strong><\/p>\n<p>Damals ging es noch zur Sache auf dem &#8222;Kleinen Markt&#8220;, als hier im Schatten der Stiftskirche rund um das Reiterstandbild des gro\u00dfen Kurf\u00fcrsten regelm\u00e4\u00dfig der Markt stattfand. Wir schreiben das Jahr 1920 und standesgem\u00e4\u00df sehen wir auch rechts das Restaurant &#8222;Zum gro\u00dfen Kurf\u00fcrsten&#8220;, das damals an solchen Tagen regen Besuch verzeichnet haben muss.<\/p>\n<p><a href=\"http:\/\/www.kle-blatt.de\/blog\/wp-content\/uploads\/2014\/05\/kleiner-markt-1920.jpg\"><img loading=\"lazy\" decoding=\"async\" class=\"size-full wp-image-10161 aligncenter\" src=\"https:\/\/www.kle-blatt.de\/blog\/wp-content\/uploads\/2014\/05\/kleiner-markt-1920.jpg\" alt=\"Markttreiben beim Gro\u00dfen Kurf\u00fcrsten in Kleve\" width=\"849\" height=\"511\" \/><\/a><\/p>\n","protected":false},"excerpt":{"rendered":"<p>Markttreiben beim Gro\u00dfen Kurf\u00fcrsten in Kleve Damals ging es noch zur Sache auf dem &#8222;Kleinen Markt&#8220;, als hier im Schatten &hellip; <a href=\"https:\/\/www.kle-blatt.de\/blog\/kleve-in-foto-video\/markttreiben-beim-grossen-kurfuersten-in-kleve.html\" class=\"more-link\"><span class=\"more-button\">Weiterlesen<span class=\"screen-reader-text\">Markttreiben beim Gro\u00dfen Kurf\u00fcrsten in Kleve<\/span><\/span><\/a><\/p>\n","protected":false},"author":2,"featured_media":10161,"comment_status":"closed","ping_status":"closed","sticky":false,"template":"","format":"standard","meta":{"footnotes":""},"categories":[3],"tags":[2230],"class_list":["post-10160","post","type-post","status-publish","format-standard","has-post-thumbnail","hentry","category-kleve-in-foto-video","tag-markttreiben-beim-grossen-kurfuersten-in-kleve"],"_links":{"self":[{"href":"https:\/\/www.kle-blatt.de\/blog\/wp-json\/wp\/v2\/posts\/10160","targetHints":{"allow":["GET"]}}],"collection":[{"href":"https:\/\/www.kle-blatt.de\/blog\/wp-json\/wp\/v2\/posts"}],"about":[{"href":"https:\/\/www.kle-blatt.de\/blog\/wp-json\/wp\/v2\/types\/post"}],"author":[{"embeddable":true,"href":"https:\/\/www.kle-blatt.de\/blog\/wp-json\/wp\/v2\/users\/2"}],"replies":[{"embeddable":true,"href":"https:\/\/www.kle-blatt.de\/blog\/wp-json\/wp\/v2\/comments?post=10160"}],"version-history":[{"count":2,"href":"https:\/\/www.kle-blatt.de\/blog\/wp-json\/wp\/v2\/posts\/10160\/revisions"}],"predecessor-version":[{"id":35296,"href":"https:\/\/www.kle-blatt.de\/blog\/wp-json\/wp\/v2\/posts\/10160\/revisions\/35296"}],"wp:featuredmedia":[{"embeddable":true,"href":"https:\/\/www.kle-blatt.de\/blog\/wp-json\/wp\/v2\/media\/10161"}],"wp:attachment":[{"href":"https:\/\/www.kle-blatt.de\/blog\/wp-json\/wp\/v2\/media?parent=10160"}],"wp:term":[{"taxonomy":"category","embeddable":true,"href":"https:\/\/www.kle-blatt.de\/blog\/wp-json\/wp\/v2\/categories?post=10160"},{"taxonomy":"post_tag","embeddable":true,"href":"https:\/\/www.kle-blatt.de\/blog\/wp-json\/wp\/v2\/tags?post=10160"}],"curies":[{"name":"wp","href":"https:\/\/api.w.org\/{rel}","templated":true}]}}