{"id":10173,"date":"2019-06-09T07:00:23","date_gmt":"2019-06-09T05:00:23","guid":{"rendered":"http:\/\/www.kle-blatt.de\/blog\/?p=10173"},"modified":"2019-05-20T16:55:27","modified_gmt":"2019-05-20T14:55:27","slug":"der-einsame-schwan-von-kleve","status":"publish","type":"post","link":"https:\/\/www.kle-blatt.de\/blog\/kleve-in-foto-video\/aus-dem-privatalbum\/der-einsame-schwan-von-kleve.html","title":{"rendered":"Der einsame Schwan von Kleve"},"content":{"rendered":"<p><strong>Der einsame Schwan von Kleve<\/strong><\/p>\n<p>Mutterseelenallein und ohne Partnerin sehen wir einen Schwan auf einem Kanal. Er sieht sehr einsam aus und ist zu bemitleiden, obwohl &#8211; wer wei\u00df schon, was sich alles im Ufergr\u00fcn verbirgt? M\u00f6glicherweise sucht er gerade Futter f\u00fcr seinen Nachwuchs und &#8222;Mutter&#8220; br\u00fctet oder h\u00fctet die kleinen Klever Wappentiere. Hoffen wir das Beste.<\/p>\n<p><a href=\"http:\/\/www.kle-blatt.de\/blog\/wp-content\/uploads\/2014\/05\/schwan-kanal.jpg\"><img loading=\"lazy\" decoding=\"async\" class=\"alignleft size-full wp-image-10174\" src=\"http:\/\/www.kle-blatt.de\/blog\/wp-content\/uploads\/2014\/05\/schwan-kanal.jpg\" alt=\"Der einsame Schwan von Kleve\" width=\"850\" height=\"533\" \/><\/a><br \/>\n(Foto: Meik W\u00e4chter)<\/p>\n","protected":false},"excerpt":{"rendered":"<p>Der einsame Schwan von Kleve Mutterseelenallein und ohne Partnerin sehen wir einen Schwan auf einem Kanal. Er sieht sehr einsam &hellip; <a href=\"https:\/\/www.kle-blatt.de\/blog\/kleve-in-foto-video\/aus-dem-privatalbum\/der-einsame-schwan-von-kleve.html\" class=\"more-link\"><span class=\"more-button\">Weiterlesen<span class=\"screen-reader-text\">Der einsame Schwan von Kleve<\/span><\/span><\/a><\/p>\n","protected":false},"author":2,"featured_media":0,"comment_status":"open","ping_status":"closed","sticky":false,"template":"","format":"standard","meta":{"footnotes":""},"categories":[20],"tags":[2234],"class_list":["post-10173","post","type-post","status-publish","format-standard","hentry","category-aus-dem-privatalbum","tag-der-einsame-schwan-von-kleve"],"_links":{"self":[{"href":"https:\/\/www.kle-blatt.de\/blog\/wp-json\/wp\/v2\/posts\/10173","targetHints":{"allow":["GET"]}}],"collection":[{"href":"https:\/\/www.kle-blatt.de\/blog\/wp-json\/wp\/v2\/posts"}],"about":[{"href":"https:\/\/www.kle-blatt.de\/blog\/wp-json\/wp\/v2\/types\/post"}],"author":[{"embeddable":true,"href":"https:\/\/www.kle-blatt.de\/blog\/wp-json\/wp\/v2\/users\/2"}],"replies":[{"embeddable":true,"href":"https:\/\/www.kle-blatt.de\/blog\/wp-json\/wp\/v2\/comments?post=10173"}],"version-history":[{"count":0,"href":"https:\/\/www.kle-blatt.de\/blog\/wp-json\/wp\/v2\/posts\/10173\/revisions"}],"wp:attachment":[{"href":"https:\/\/www.kle-blatt.de\/blog\/wp-json\/wp\/v2\/media?parent=10173"}],"wp:term":[{"taxonomy":"category","embeddable":true,"href":"https:\/\/www.kle-blatt.de\/blog\/wp-json\/wp\/v2\/categories?post=10173"},{"taxonomy":"post_tag","embeddable":true,"href":"https:\/\/www.kle-blatt.de\/blog\/wp-json\/wp\/v2\/tags?post=10173"}],"curies":[{"name":"wp","href":"https:\/\/api.w.org\/{rel}","templated":true}]}}