{"id":10389,"date":"2024-07-11T06:10:46","date_gmt":"2024-07-11T04:10:46","guid":{"rendered":"http:\/\/www.kle-blatt.de\/blog\/?p=10389"},"modified":"2024-06-09T14:57:57","modified_gmt":"2024-06-09T12:57:57","slug":"das-burg-cafe-in-kleve","status":"publish","type":"post","link":"https:\/\/www.kle-blatt.de\/blog\/kleve-in-foto-video\/das-burg-cafe-in-kleve.html","title":{"rendered":"Kanntest Du das Burg-Cafe&#8216; in Kleve?"},"content":{"rendered":"<p><strong>Kanntest Du das Burg-Cafe&#8216; in Kleve?<\/strong><\/p>\n<p>Als Kleve noch B\u00e4derstadt war, trafen sich die Kurg\u00e4ste im damals beliebten Burg-Cafe&#8216;. Wir sehen hier die f\u00fcr diese Zeit typischen Cafe&#8216;-Haus-Tische und die Bestuhlung. Auch die Kuchentheke und die dahinter agierende Bedienung in wei\u00dfer Kleidung mit wei\u00dfem K\u00e4ppi stehen f\u00fcr die goldene Klever Zeit.<\/p>\n<p><a href=\"http:\/\/www.kle-blatt.de\/blog\/wp-content\/uploads\/2014\/06\/burgcafe.jpg\"><img loading=\"lazy\" decoding=\"async\" class=\"size-full wp-image-10390 aligncenter\" src=\"https:\/\/www.kle-blatt.de\/blog\/wp-content\/uploads\/2014\/06\/burgcafe.jpg\" alt=\"Kanntest Du das Burg-Cafe' in Kleve?\" width=\"850\" height=\"540\" \/><\/a><br \/>\n(Foto eingereicht von Berry65)<\/p>\n","protected":false},"excerpt":{"rendered":"<p>Kanntest Du das Burg-Cafe&#8216; in Kleve? Als Kleve noch B\u00e4derstadt war, trafen sich die Kurg\u00e4ste im damals beliebten Burg-Cafe&#8216;. Wir &hellip; <a href=\"https:\/\/www.kle-blatt.de\/blog\/kleve-in-foto-video\/das-burg-cafe-in-kleve.html\" class=\"more-link\"><span class=\"more-button\">Weiterlesen<span class=\"screen-reader-text\">Kanntest Du das Burg-Cafe&#8216; in Kleve?<\/span><\/span><\/a><\/p>\n","protected":false},"author":2,"featured_media":10390,"comment_status":"closed","ping_status":"closed","sticky":false,"template":"","format":"standard","meta":{"footnotes":""},"categories":[3],"tags":[2245],"class_list":["post-10389","post","type-post","status-publish","format-standard","has-post-thumbnail","hentry","category-kleve-in-foto-video","tag-das-burg-cafe-in-kleve"],"_links":{"self":[{"href":"https:\/\/www.kle-blatt.de\/blog\/wp-json\/wp\/v2\/posts\/10389","targetHints":{"allow":["GET"]}}],"collection":[{"href":"https:\/\/www.kle-blatt.de\/blog\/wp-json\/wp\/v2\/posts"}],"about":[{"href":"https:\/\/www.kle-blatt.de\/blog\/wp-json\/wp\/v2\/types\/post"}],"author":[{"embeddable":true,"href":"https:\/\/www.kle-blatt.de\/blog\/wp-json\/wp\/v2\/users\/2"}],"replies":[{"embeddable":true,"href":"https:\/\/www.kle-blatt.de\/blog\/wp-json\/wp\/v2\/comments?post=10389"}],"version-history":[{"count":2,"href":"https:\/\/www.kle-blatt.de\/blog\/wp-json\/wp\/v2\/posts\/10389\/revisions"}],"predecessor-version":[{"id":33961,"href":"https:\/\/www.kle-blatt.de\/blog\/wp-json\/wp\/v2\/posts\/10389\/revisions\/33961"}],"wp:featuredmedia":[{"embeddable":true,"href":"https:\/\/www.kle-blatt.de\/blog\/wp-json\/wp\/v2\/media\/10390"}],"wp:attachment":[{"href":"https:\/\/www.kle-blatt.de\/blog\/wp-json\/wp\/v2\/media?parent=10389"}],"wp:term":[{"taxonomy":"category","embeddable":true,"href":"https:\/\/www.kle-blatt.de\/blog\/wp-json\/wp\/v2\/categories?post=10389"},{"taxonomy":"post_tag","embeddable":true,"href":"https:\/\/www.kle-blatt.de\/blog\/wp-json\/wp\/v2\/tags?post=10389"}],"curies":[{"name":"wp","href":"https:\/\/api.w.org\/{rel}","templated":true}]}}