{"id":10396,"date":"2023-07-17T07:10:37","date_gmt":"2023-07-17T05:10:37","guid":{"rendered":"http:\/\/www.kle-blatt.de\/blog\/?p=10396"},"modified":"2023-06-17T11:13:00","modified_gmt":"2023-06-17T09:13:00","slug":"fahrgeschaefte-der-siebziger-auf-der-klever-kirmes","status":"publish","type":"post","link":"https:\/\/www.kle-blatt.de\/blog\/kleve-in-foto-video\/aus-dem-privatalbum\/fahrgeschaefte-der-siebziger-auf-der-klever-kirmes.html","title":{"rendered":"Fahrgesch\u00e4fte der Siebziger auf der Klever Kirmes"},"content":{"rendered":"<p><strong>Fahrgesch\u00e4fte der Siebziger auf der Klever Kirmes<\/strong><\/p>\n<p>Fliegende Beine auf dem traditionellen Kettenkarussel auf der Klever Kirmes Mitte der 70er Jahre.<br \/>\nDie Faszination dieses Fahrgesch\u00e4fts hat es bis in die heutige Zeit geschafft und erfreut nach wie vor Gro\u00df und Klein.<\/p>\n<p><a href=\"http:\/\/www.kle-blatt.de\/blog\/wp-content\/uploads\/2014\/06\/kirmes-1977.jpg\"><img loading=\"lazy\" decoding=\"async\" class=\"size-full wp-image-10397 aligncenter\" src=\"https:\/\/www.kle-blatt.de\/blog\/wp-content\/uploads\/2014\/06\/kirmes-1977.jpg\" alt=\"Fahrgesch\u00e4fte der Siebziger auf der Klever Kirmes\" width=\"850\" height=\"485\" \/><\/a><br \/>\n(Foto eingereicht von Berry65)<\/p>\n<p>Beim Nachfolger der legend\u00e4ren Raupenbahn fliegen immer noch die Haare und die R\u00f6cke, wobei die Geschwindigkeiten dieser Art Fahrgesch\u00e4fte im Laufe der Jahre zugelegt haben. Der erste Nachfolger hier k\u00f6nnte die &#8222;Petersburger Schlittenfahrt&#8220; sein oder auch nicht. \ud83d\ude42<\/p>\n<p><a href=\"http:\/\/www.kle-blatt.de\/blog\/wp-content\/uploads\/2014\/06\/kirmesraupe.jpg\"><img loading=\"lazy\" decoding=\"async\" class=\"size-full wp-image-10398 aligncenter\" src=\"https:\/\/www.kle-blatt.de\/blog\/wp-content\/uploads\/2014\/06\/kirmesraupe.jpg\" alt=\"Fahrgesch\u00e4fte der Siebziger auf der Klever Kirmes\" width=\"850\" height=\"549\" \/><\/a><br \/>\n(Foto eingereicht von Berry65)<\/p>\n","protected":false},"excerpt":{"rendered":"<p>Fahrgesch\u00e4fte der Siebziger auf der Klever Kirmes Fliegende Beine auf dem traditionellen Kettenkarussel auf der Klever Kirmes Mitte der 70er &hellip; <a href=\"https:\/\/www.kle-blatt.de\/blog\/kleve-in-foto-video\/aus-dem-privatalbum\/fahrgeschaefte-der-siebziger-auf-der-klever-kirmes.html\" class=\"more-link\"><span class=\"more-button\">Weiterlesen<span class=\"screen-reader-text\">Fahrgesch\u00e4fte der Siebziger auf der Klever Kirmes<\/span><\/span><\/a><\/p>\n","protected":false},"author":2,"featured_media":10397,"comment_status":"open","ping_status":"closed","sticky":false,"template":"","format":"standard","meta":{"footnotes":""},"categories":[20],"tags":[2247],"class_list":["post-10396","post","type-post","status-publish","format-standard","has-post-thumbnail","hentry","category-aus-dem-privatalbum","tag-fahrgeschaefte-der-siebziger-auf-der-klever-kirmes"],"_links":{"self":[{"href":"https:\/\/www.kle-blatt.de\/blog\/wp-json\/wp\/v2\/posts\/10396","targetHints":{"allow":["GET"]}}],"collection":[{"href":"https:\/\/www.kle-blatt.de\/blog\/wp-json\/wp\/v2\/posts"}],"about":[{"href":"https:\/\/www.kle-blatt.de\/blog\/wp-json\/wp\/v2\/types\/post"}],"author":[{"embeddable":true,"href":"https:\/\/www.kle-blatt.de\/blog\/wp-json\/wp\/v2\/users\/2"}],"replies":[{"embeddable":true,"href":"https:\/\/www.kle-blatt.de\/blog\/wp-json\/wp\/v2\/comments?post=10396"}],"version-history":[{"count":2,"href":"https:\/\/www.kle-blatt.de\/blog\/wp-json\/wp\/v2\/posts\/10396\/revisions"}],"predecessor-version":[{"id":32320,"href":"https:\/\/www.kle-blatt.de\/blog\/wp-json\/wp\/v2\/posts\/10396\/revisions\/32320"}],"wp:featuredmedia":[{"embeddable":true,"href":"https:\/\/www.kle-blatt.de\/blog\/wp-json\/wp\/v2\/media\/10397"}],"wp:attachment":[{"href":"https:\/\/www.kle-blatt.de\/blog\/wp-json\/wp\/v2\/media?parent=10396"}],"wp:term":[{"taxonomy":"category","embeddable":true,"href":"https:\/\/www.kle-blatt.de\/blog\/wp-json\/wp\/v2\/categories?post=10396"},{"taxonomy":"post_tag","embeddable":true,"href":"https:\/\/www.kle-blatt.de\/blog\/wp-json\/wp\/v2\/tags?post=10396"}],"curies":[{"name":"wp","href":"https:\/\/api.w.org\/{rel}","templated":true}]}}