{"id":10409,"date":"2025-07-01T07:00:19","date_gmt":"2025-07-01T05:00:19","guid":{"rendered":"http:\/\/www.kle-blatt.de\/blog\/?p=10409"},"modified":"2025-05-13T11:11:16","modified_gmt":"2025-05-13T09:11:16","slug":"abendstimmung-bei-griethausen","status":"publish","type":"post","link":"https:\/\/www.kle-blatt.de\/blog\/kleve-in-foto-video\/aus-dem-privatalbum\/abendstimmung-bei-griethausen.html","title":{"rendered":"Abendstimmung bei Griethausen"},"content":{"rendered":"<p><strong>Abendstimmung bei Griethausen<\/strong><\/p>\n<p>Ein lauer Sommerabend, der sich hier in den letzten Z\u00fcgen des Tages von der besten Seite zeigt. Das verhei\u00dft in der Regel wunderbares Wetter f\u00fcr den n\u00e4chsten Tag.<\/p>\n<p><a href=\"http:\/\/www.kle-blatt.de\/blog\/wp-content\/uploads\/2014\/06\/abendstimmung-griethausen.jpg\"><img loading=\"lazy\" decoding=\"async\" class=\"size-full wp-image-10410 aligncenter\" src=\"https:\/\/www.kle-blatt.de\/blog\/wp-content\/uploads\/2014\/06\/abendstimmung-griethausen.jpg\" alt=\"Abendstimmung bei Griethausen\" width=\"850\" height=\"588\" \/><\/a><br \/>\n(Foto: Christian Flock)<\/p>\n","protected":false},"excerpt":{"rendered":"<p>Abendstimmung bei Griethausen Ein lauer Sommerabend, der sich hier in den letzten Z\u00fcgen des Tages von der besten Seite zeigt. &hellip; <a href=\"https:\/\/www.kle-blatt.de\/blog\/kleve-in-foto-video\/aus-dem-privatalbum\/abendstimmung-bei-griethausen.html\" class=\"more-link\"><span class=\"more-button\">Weiterlesen<span class=\"screen-reader-text\">Abendstimmung bei Griethausen<\/span><\/span><\/a><\/p>\n","protected":false},"author":2,"featured_media":10410,"comment_status":"closed","ping_status":"closed","sticky":false,"template":"","format":"standard","meta":{"footnotes":""},"categories":[20],"tags":[2251],"class_list":["post-10409","post","type-post","status-publish","format-standard","has-post-thumbnail","hentry","category-aus-dem-privatalbum","tag-abendstimmung-bei-griethausen"],"_links":{"self":[{"href":"https:\/\/www.kle-blatt.de\/blog\/wp-json\/wp\/v2\/posts\/10409","targetHints":{"allow":["GET"]}}],"collection":[{"href":"https:\/\/www.kle-blatt.de\/blog\/wp-json\/wp\/v2\/posts"}],"about":[{"href":"https:\/\/www.kle-blatt.de\/blog\/wp-json\/wp\/v2\/types\/post"}],"author":[{"embeddable":true,"href":"https:\/\/www.kle-blatt.de\/blog\/wp-json\/wp\/v2\/users\/2"}],"replies":[{"embeddable":true,"href":"https:\/\/www.kle-blatt.de\/blog\/wp-json\/wp\/v2\/comments?post=10409"}],"version-history":[{"count":2,"href":"https:\/\/www.kle-blatt.de\/blog\/wp-json\/wp\/v2\/posts\/10409\/revisions"}],"predecessor-version":[{"id":35370,"href":"https:\/\/www.kle-blatt.de\/blog\/wp-json\/wp\/v2\/posts\/10409\/revisions\/35370"}],"wp:featuredmedia":[{"embeddable":true,"href":"https:\/\/www.kle-blatt.de\/blog\/wp-json\/wp\/v2\/media\/10410"}],"wp:attachment":[{"href":"https:\/\/www.kle-blatt.de\/blog\/wp-json\/wp\/v2\/media?parent=10409"}],"wp:term":[{"taxonomy":"category","embeddable":true,"href":"https:\/\/www.kle-blatt.de\/blog\/wp-json\/wp\/v2\/categories?post=10409"},{"taxonomy":"post_tag","embeddable":true,"href":"https:\/\/www.kle-blatt.de\/blog\/wp-json\/wp\/v2\/tags?post=10409"}],"curies":[{"name":"wp","href":"https:\/\/api.w.org\/{rel}","templated":true}]}}