{"id":10488,"date":"2022-07-09T05:10:25","date_gmt":"2022-07-09T03:10:25","guid":{"rendered":"http:\/\/www.kle-blatt.de\/blog\/?p=10488"},"modified":"2022-06-21T11:55:03","modified_gmt":"2022-06-21T09:55:03","slug":"voeoel-gloecks-met-de-kermes","status":"publish","type":"post","link":"https:\/\/www.kle-blatt.de\/blog\/kleve-in-foto-video\/aus-dem-privatalbum\/voeoel-gloecks-met-de-kermes.html","title":{"rendered":"V\u00f6\u00f6l Gl\u00f6cks met de Kermes"},"content":{"rendered":"<p><strong>V\u00f6\u00f6l Gl\u00f6cks met de Kermes<\/strong><\/p>\n<p>Diesen alten Spruch rufen wir allen Kirmes-Begeisterten zu und hoffen, dass das Wetter entsprechend ausf\u00e4llt.<br \/>\nEin Abendbummel \u00fcber die Klever Kirmes hat doch immer etwas Besonderes. Und nicht nur spazieren und gucken. Nein &#8211; auch mal mitmachen und mitfahren. Wie w\u00e4re es denn mal mit einem spannenden Pferderennen, bei dem man durch eigenen Einfluss (n\u00e4mlich Geschicklichkeit) gewinnen kann?<br \/>\nOder man traut sich mal in eines der vielen Fahrgesch\u00e4fte und riskiert den wilden Ritt im Fahrtwind. Das ist doch immer die Gelegenheit, der\/dem geliebten\u00a0Frau\/Mann oder Freund\/Freundin zu beweisen, was f\u00fcr eine &#8222;Coole Sau&#8220; man doch ist. \ud83d\ude42<\/p>\n<p><a href=\"http:\/\/www.kle-blatt.de\/blog\/wp-content\/uploads\/2014\/07\/pferderennbahn.jpg\"><img loading=\"lazy\" decoding=\"async\" class=\"size-full wp-image-10489 aligncenter\" src=\"https:\/\/www.kle-blatt.de\/blog\/wp-content\/uploads\/2014\/07\/pferderennbahn.jpg\" alt=\"V\u00f6\u00f6l Gl\u00f6cks met de Kermes\" width=\"850\" height=\"588\" \/><\/a><br \/>\n(Foto: Daniel)<\/p>\n","protected":false},"excerpt":{"rendered":"<p>V\u00f6\u00f6l Gl\u00f6cks met de Kermes Diesen alten Spruch rufen wir allen Kirmes-Begeisterten zu und hoffen, dass das Wetter entsprechend ausf\u00e4llt. &hellip; <a href=\"https:\/\/www.kle-blatt.de\/blog\/kleve-in-foto-video\/aus-dem-privatalbum\/voeoel-gloecks-met-de-kermes.html\" class=\"more-link\"><span class=\"more-button\">Weiterlesen<span class=\"screen-reader-text\">V\u00f6\u00f6l Gl\u00f6cks met de Kermes<\/span><\/span><\/a><\/p>\n","protected":false},"author":2,"featured_media":10489,"comment_status":"open","ping_status":"closed","sticky":false,"template":"","format":"standard","meta":{"footnotes":""},"categories":[20],"tags":[2270],"class_list":["post-10488","post","type-post","status-publish","format-standard","has-post-thumbnail","hentry","category-aus-dem-privatalbum","tag-voeoel-gloecks-met-de-kermes"],"_links":{"self":[{"href":"https:\/\/www.kle-blatt.de\/blog\/wp-json\/wp\/v2\/posts\/10488","targetHints":{"allow":["GET"]}}],"collection":[{"href":"https:\/\/www.kle-blatt.de\/blog\/wp-json\/wp\/v2\/posts"}],"about":[{"href":"https:\/\/www.kle-blatt.de\/blog\/wp-json\/wp\/v2\/types\/post"}],"author":[{"embeddable":true,"href":"https:\/\/www.kle-blatt.de\/blog\/wp-json\/wp\/v2\/users\/2"}],"replies":[{"embeddable":true,"href":"https:\/\/www.kle-blatt.de\/blog\/wp-json\/wp\/v2\/comments?post=10488"}],"version-history":[{"count":2,"href":"https:\/\/www.kle-blatt.de\/blog\/wp-json\/wp\/v2\/posts\/10488\/revisions"}],"predecessor-version":[{"id":30658,"href":"https:\/\/www.kle-blatt.de\/blog\/wp-json\/wp\/v2\/posts\/10488\/revisions\/30658"}],"wp:featuredmedia":[{"embeddable":true,"href":"https:\/\/www.kle-blatt.de\/blog\/wp-json\/wp\/v2\/media\/10489"}],"wp:attachment":[{"href":"https:\/\/www.kle-blatt.de\/blog\/wp-json\/wp\/v2\/media?parent=10488"}],"wp:term":[{"taxonomy":"category","embeddable":true,"href":"https:\/\/www.kle-blatt.de\/blog\/wp-json\/wp\/v2\/categories?post=10488"},{"taxonomy":"post_tag","embeddable":true,"href":"https:\/\/www.kle-blatt.de\/blog\/wp-json\/wp\/v2\/tags?post=10488"}],"curies":[{"name":"wp","href":"https:\/\/api.w.org\/{rel}","templated":true}]}}