{"id":10492,"date":"2024-07-13T07:00:56","date_gmt":"2024-07-13T05:00:56","guid":{"rendered":"http:\/\/www.kle-blatt.de\/blog\/?p=10492"},"modified":"2024-06-09T14:50:57","modified_gmt":"2024-06-09T12:50:57","slug":"alte-klever-kirmes-traeume","status":"publish","type":"post","link":"https:\/\/www.kle-blatt.de\/blog\/kleve-in-foto-video\/alte-klever-kirmes-traeume.html","title":{"rendered":"Alte Klever Kirmes-Tr\u00e4ume"},"content":{"rendered":"<p><strong>Alte Klever Kirmes-Tr\u00e4ume<\/strong><\/p>\n<p>Lange Zeit befand sich die traditionelle einw\u00f6chige Kirmes im Schatten der Schwanenburg auf dem Gro\u00dfen Markt, obwohl die Schausteller kaum eine plane Ebene finden konnten, um ihre Buden, Zelte, Fahrgesch\u00e4fte etc. vern\u00fcnftig aufzubauen. Mit erheblichen baulichen Tricksereien wurden viele Attraktionen einigerma\u00dfen &#8222;hingezaubert&#8220;, ohne dass ein Mensch vom T\u00dcV das jemals genehmigt h\u00e4tte. Heute vermutlich undenkbar. Nachweislich scheint aber nie etwas Ernsthaftes passiert zu sein.<\/p>\n<p><a href=\"http:\/\/www.kle-blatt.de\/blog\/wp-content\/uploads\/2014\/07\/kirmes-65.jpg\"><img loading=\"lazy\" decoding=\"async\" class=\"size-full wp-image-10493 aligncenter\" src=\"https:\/\/www.kle-blatt.de\/blog\/wp-content\/uploads\/2014\/07\/kirmes-65.jpg\" alt=\"Alte Klever Kirmes-Tr\u00e4ume\" width=\"850\" height=\"878\" \/><\/a><\/p>\n","protected":false},"excerpt":{"rendered":"<p>Alte Klever Kirmes-Tr\u00e4ume Lange Zeit befand sich die traditionelle einw\u00f6chige Kirmes im Schatten der Schwanenburg auf dem Gro\u00dfen Markt, obwohl &hellip; <a href=\"https:\/\/www.kle-blatt.de\/blog\/kleve-in-foto-video\/alte-klever-kirmes-traeume.html\" class=\"more-link\"><span class=\"more-button\">Weiterlesen<span class=\"screen-reader-text\">Alte Klever Kirmes-Tr\u00e4ume<\/span><\/span><\/a><\/p>\n","protected":false},"author":2,"featured_media":10493,"comment_status":"closed","ping_status":"closed","sticky":false,"template":"","format":"standard","meta":{"footnotes":""},"categories":[3],"tags":[2271],"class_list":["post-10492","post","type-post","status-publish","format-standard","has-post-thumbnail","hentry","category-kleve-in-foto-video","tag-alte-klever-kirmes-traeume"],"_links":{"self":[{"href":"https:\/\/www.kle-blatt.de\/blog\/wp-json\/wp\/v2\/posts\/10492","targetHints":{"allow":["GET"]}}],"collection":[{"href":"https:\/\/www.kle-blatt.de\/blog\/wp-json\/wp\/v2\/posts"}],"about":[{"href":"https:\/\/www.kle-blatt.de\/blog\/wp-json\/wp\/v2\/types\/post"}],"author":[{"embeddable":true,"href":"https:\/\/www.kle-blatt.de\/blog\/wp-json\/wp\/v2\/users\/2"}],"replies":[{"embeddable":true,"href":"https:\/\/www.kle-blatt.de\/blog\/wp-json\/wp\/v2\/comments?post=10492"}],"version-history":[{"count":2,"href":"https:\/\/www.kle-blatt.de\/blog\/wp-json\/wp\/v2\/posts\/10492\/revisions"}],"predecessor-version":[{"id":33954,"href":"https:\/\/www.kle-blatt.de\/blog\/wp-json\/wp\/v2\/posts\/10492\/revisions\/33954"}],"wp:featuredmedia":[{"embeddable":true,"href":"https:\/\/www.kle-blatt.de\/blog\/wp-json\/wp\/v2\/media\/10493"}],"wp:attachment":[{"href":"https:\/\/www.kle-blatt.de\/blog\/wp-json\/wp\/v2\/media?parent=10492"}],"wp:term":[{"taxonomy":"category","embeddable":true,"href":"https:\/\/www.kle-blatt.de\/blog\/wp-json\/wp\/v2\/categories?post=10492"},{"taxonomy":"post_tag","embeddable":true,"href":"https:\/\/www.kle-blatt.de\/blog\/wp-json\/wp\/v2\/tags?post=10492"}],"curies":[{"name":"wp","href":"https:\/\/api.w.org\/{rel}","templated":true}]}}