{"id":10537,"date":"2023-08-16T07:10:17","date_gmt":"2023-08-16T05:10:17","guid":{"rendered":"http:\/\/www.kle-blatt.de\/blog\/?p=10537"},"modified":"2023-07-16T13:40:40","modified_gmt":"2023-07-16T11:40:40","slug":"10537","status":"publish","type":"post","link":"https:\/\/www.kle-blatt.de\/blog\/kleve-in-foto-video\/10537.html","title":{"rendered":"Freiwillige Feuerwehr Cleve &#8211; Die Musik-Kapelle"},"content":{"rendered":"<p><strong>Freiwillige Feuerwehr Cleve &#8211; Die Musik-Kapelle<\/strong><\/p>\n<p>Die Freiwillige Feuerwehr von Kleve wurde am 23. Januar 1900 gegr\u00fcndet. Bereits an diesem Tage meldeten sich ca. 120 Personen auf der Gr\u00fcndungsversammlung im Lokal Laenertz am Gro\u00dfen Markt an. Das Bild der Musik-Kapelle entstand etwa zwei Jahre sp\u00e4ter. Die M\u00e4nner posieren stolz mit ihren Musikinstrumenten und der damals \u00fcblichen Pickelhaube als Kopfbedeckung.<\/p>\n<p><a href=\"http:\/\/www.kle-blatt.de\/blog\/wp-content\/uploads\/2014\/07\/feuerwehrkapelle-118.jpg\"><img loading=\"lazy\" decoding=\"async\" class=\"size-full wp-image-10538 aligncenter\" src=\"https:\/\/www.kle-blatt.de\/blog\/wp-content\/uploads\/2014\/07\/feuerwehrkapelle-118.jpg\" alt=\"Freiwillige Feuerwehr Cleve - Die Musik-Kapelle\" width=\"850\" height=\"504\" \/><\/a><\/p>\n","protected":false},"excerpt":{"rendered":"<p>Freiwillige Feuerwehr Cleve &#8211; Die Musik-Kapelle Die Freiwillige Feuerwehr von Kleve wurde am 23. Januar 1900 gegr\u00fcndet. Bereits an diesem &hellip; <a href=\"https:\/\/www.kle-blatt.de\/blog\/kleve-in-foto-video\/10537.html\" class=\"more-link\"><span class=\"more-button\">Weiterlesen<span class=\"screen-reader-text\">Freiwillige Feuerwehr Cleve &#8211; Die Musik-Kapelle<\/span><\/span><\/a><\/p>\n","protected":false},"author":2,"featured_media":10538,"comment_status":"open","ping_status":"closed","sticky":false,"template":"","format":"standard","meta":{"footnotes":""},"categories":[3],"tags":[2286],"class_list":["post-10537","post","type-post","status-publish","format-standard","has-post-thumbnail","hentry","category-kleve-in-foto-video","tag-freiwillige-feuerwehr-cleve-die-musik-kapelle"],"_links":{"self":[{"href":"https:\/\/www.kle-blatt.de\/blog\/wp-json\/wp\/v2\/posts\/10537","targetHints":{"allow":["GET"]}}],"collection":[{"href":"https:\/\/www.kle-blatt.de\/blog\/wp-json\/wp\/v2\/posts"}],"about":[{"href":"https:\/\/www.kle-blatt.de\/blog\/wp-json\/wp\/v2\/types\/post"}],"author":[{"embeddable":true,"href":"https:\/\/www.kle-blatt.de\/blog\/wp-json\/wp\/v2\/users\/2"}],"replies":[{"embeddable":true,"href":"https:\/\/www.kle-blatt.de\/blog\/wp-json\/wp\/v2\/comments?post=10537"}],"version-history":[{"count":1,"href":"https:\/\/www.kle-blatt.de\/blog\/wp-json\/wp\/v2\/posts\/10537\/revisions"}],"predecessor-version":[{"id":32488,"href":"https:\/\/www.kle-blatt.de\/blog\/wp-json\/wp\/v2\/posts\/10537\/revisions\/32488"}],"wp:featuredmedia":[{"embeddable":true,"href":"https:\/\/www.kle-blatt.de\/blog\/wp-json\/wp\/v2\/media\/10538"}],"wp:attachment":[{"href":"https:\/\/www.kle-blatt.de\/blog\/wp-json\/wp\/v2\/media?parent=10537"}],"wp:term":[{"taxonomy":"category","embeddable":true,"href":"https:\/\/www.kle-blatt.de\/blog\/wp-json\/wp\/v2\/categories?post=10537"},{"taxonomy":"post_tag","embeddable":true,"href":"https:\/\/www.kle-blatt.de\/blog\/wp-json\/wp\/v2\/tags?post=10537"}],"curies":[{"name":"wp","href":"https:\/\/api.w.org\/{rel}","templated":true}]}}