{"id":10551,"date":"2020-07-31T06:10:03","date_gmt":"2020-07-31T04:10:03","guid":{"rendered":"http:\/\/www.kle-blatt.de\/blog\/?p=10551"},"modified":"2020-06-27T10:35:59","modified_gmt":"2020-06-27T08:35:59","slug":"de-poort-van-kleef","status":"publish","type":"post","link":"https:\/\/www.kle-blatt.de\/blog\/kleve-in-foto-video\/de-poort-van-kleef.html","title":{"rendered":"So war es einmal: De Poort van Kleef"},"content":{"rendered":"<p><strong>So war es einmal: De Poort van Kleef<\/strong><\/p>\n<p>Der Eingang in die Stadt Kleve. So nannte sich fr\u00fcher der Gasthof des B\u00e4ckers Franz Dyckmans. Es war um die Jahrhundertwende als der Stadteingang so aussah. Es war die Zeit, als man noch mit Pferdekarren alles M\u00f6gliche transportierte.<br \/>\nDas breitere Geb\u00e4ude dahinter war die B\u00e4ckerei mit einem Kolonialwarenhandel. Rechts hinter der &#8222;Alten Br\u00fccke&#8220; erkennt man noch das zu dieser Zeit von Johann Jan\u00dfen gerade erbaute Hotel &#8222;Clever Hof&#8220;.<\/p>\n<p><a href=\"http:\/\/www.kle-blatt.de\/blog\/wp-content\/uploads\/2014\/07\/gasthof-de-poort-van-cleef-66.jpg\"><img loading=\"lazy\" decoding=\"async\" class=\"size-full wp-image-10552 aligncenter\" src=\"https:\/\/www.kle-blatt.de\/blog\/wp-content\/uploads\/2014\/07\/gasthof-de-poort-van-cleef-66.jpg\" alt=\"De Poort van Kleef\" width=\"850\" height=\"515\" \/><\/a><\/p>\n","protected":false},"excerpt":{"rendered":"<p>So war es einmal: De Poort van Kleef Der Eingang in die Stadt Kleve. So nannte sich fr\u00fcher der Gasthof &hellip; <a href=\"https:\/\/www.kle-blatt.de\/blog\/kleve-in-foto-video\/de-poort-van-kleef.html\" class=\"more-link\"><span class=\"more-button\">Weiterlesen<span class=\"screen-reader-text\">So war es einmal: De Poort van Kleef<\/span><\/span><\/a><\/p>\n","protected":false},"author":2,"featured_media":10552,"comment_status":"open","ping_status":"closed","sticky":false,"template":"","format":"standard","meta":{"footnotes":""},"categories":[3],"tags":[2290],"class_list":["post-10551","post","type-post","status-publish","format-standard","has-post-thumbnail","hentry","category-kleve-in-foto-video","tag-de-poort-van-kleef"],"_links":{"self":[{"href":"https:\/\/www.kle-blatt.de\/blog\/wp-json\/wp\/v2\/posts\/10551","targetHints":{"allow":["GET"]}}],"collection":[{"href":"https:\/\/www.kle-blatt.de\/blog\/wp-json\/wp\/v2\/posts"}],"about":[{"href":"https:\/\/www.kle-blatt.de\/blog\/wp-json\/wp\/v2\/types\/post"}],"author":[{"embeddable":true,"href":"https:\/\/www.kle-blatt.de\/blog\/wp-json\/wp\/v2\/users\/2"}],"replies":[{"embeddable":true,"href":"https:\/\/www.kle-blatt.de\/blog\/wp-json\/wp\/v2\/comments?post=10551"}],"version-history":[{"count":2,"href":"https:\/\/www.kle-blatt.de\/blog\/wp-json\/wp\/v2\/posts\/10551\/revisions"}],"predecessor-version":[{"id":27369,"href":"https:\/\/www.kle-blatt.de\/blog\/wp-json\/wp\/v2\/posts\/10551\/revisions\/27369"}],"wp:featuredmedia":[{"embeddable":true,"href":"https:\/\/www.kle-blatt.de\/blog\/wp-json\/wp\/v2\/media\/10552"}],"wp:attachment":[{"href":"https:\/\/www.kle-blatt.de\/blog\/wp-json\/wp\/v2\/media?parent=10551"}],"wp:term":[{"taxonomy":"category","embeddable":true,"href":"https:\/\/www.kle-blatt.de\/blog\/wp-json\/wp\/v2\/categories?post=10551"},{"taxonomy":"post_tag","embeddable":true,"href":"https:\/\/www.kle-blatt.de\/blog\/wp-json\/wp\/v2\/tags?post=10551"}],"curies":[{"name":"wp","href":"https:\/\/api.w.org\/{rel}","templated":true}]}}