{"id":10555,"date":"2022-07-27T05:00:20","date_gmt":"2022-07-27T03:00:20","guid":{"rendered":"http:\/\/www.kle-blatt.de\/blog\/?p=10555"},"modified":"2022-06-21T11:51:03","modified_gmt":"2022-06-21T09:51:03","slug":"das-alte-kleve-mit-wehrturm-netelenhorst","status":"publish","type":"post","link":"https:\/\/www.kle-blatt.de\/blog\/kleve-in-foto-video\/das-alte-kleve-mit-wehrturm-netelenhorst.html","title":{"rendered":"Das alte Kleve mit Wehrturm Netelenhorst?"},"content":{"rendered":"<p><strong>Das alte Kleve mit Wehrturm Netelenhorst?<\/strong><\/p>\n<p>Unten in der Mitte sehen wir einen Wehrturm an etwa der Stelle, wo man die \u00dcberreste des Netelenhorst ausgegraben hat. M\u00f6glicherweise sehen wir ihn hier auf dieser alten kolorierten Ansichtskarte des alten Kleve. Da diese Art Karten fr\u00fcher noch gezeichnet wurden, gab es oftmals Perspektiv-Verschiebungen, um soviel wie m\u00f6glich darauf abzubilden. Es scheint aber auch der Garten des damaligen St. Antonius-Hospitals zu sein. Historiker werden wissen, was auf diesem Bild sich wo befunden hat.<\/p>\n<p><a href=\"http:\/\/www.kle-blatt.de\/blog\/wp-content\/uploads\/2014\/07\/0-karte.jpg\"><img loading=\"lazy\" decoding=\"async\" class=\"size-full wp-image-10556 aligncenter\" src=\"https:\/\/www.kle-blatt.de\/blog\/wp-content\/uploads\/2014\/07\/0-karte.jpg\" alt=\"Das alte Kleve mit Wehrturm Netelenhorst\" width=\"850\" height=\"488\" \/><\/a><\/p>\n","protected":false},"excerpt":{"rendered":"<p>Das alte Kleve mit Wehrturm Netelenhorst? Unten in der Mitte sehen wir einen Wehrturm an etwa der Stelle, wo man &hellip; <a href=\"https:\/\/www.kle-blatt.de\/blog\/kleve-in-foto-video\/das-alte-kleve-mit-wehrturm-netelenhorst.html\" class=\"more-link\"><span class=\"more-button\">Weiterlesen<span class=\"screen-reader-text\">Das alte Kleve mit Wehrturm Netelenhorst?<\/span><\/span><\/a><\/p>\n","protected":false},"author":2,"featured_media":10556,"comment_status":"open","ping_status":"closed","sticky":false,"template":"","format":"standard","meta":{"footnotes":""},"categories":[3],"tags":[2291],"class_list":["post-10555","post","type-post","status-publish","format-standard","has-post-thumbnail","hentry","category-kleve-in-foto-video","tag-das-alte-kleve-mit-wehrturm-netelenhorst"],"_links":{"self":[{"href":"https:\/\/www.kle-blatt.de\/blog\/wp-json\/wp\/v2\/posts\/10555","targetHints":{"allow":["GET"]}}],"collection":[{"href":"https:\/\/www.kle-blatt.de\/blog\/wp-json\/wp\/v2\/posts"}],"about":[{"href":"https:\/\/www.kle-blatt.de\/blog\/wp-json\/wp\/v2\/types\/post"}],"author":[{"embeddable":true,"href":"https:\/\/www.kle-blatt.de\/blog\/wp-json\/wp\/v2\/users\/2"}],"replies":[{"embeddable":true,"href":"https:\/\/www.kle-blatt.de\/blog\/wp-json\/wp\/v2\/comments?post=10555"}],"version-history":[{"count":1,"href":"https:\/\/www.kle-blatt.de\/blog\/wp-json\/wp\/v2\/posts\/10555\/revisions"}],"predecessor-version":[{"id":30656,"href":"https:\/\/www.kle-blatt.de\/blog\/wp-json\/wp\/v2\/posts\/10555\/revisions\/30656"}],"wp:featuredmedia":[{"embeddable":true,"href":"https:\/\/www.kle-blatt.de\/blog\/wp-json\/wp\/v2\/media\/10556"}],"wp:attachment":[{"href":"https:\/\/www.kle-blatt.de\/blog\/wp-json\/wp\/v2\/media?parent=10555"}],"wp:term":[{"taxonomy":"category","embeddable":true,"href":"https:\/\/www.kle-blatt.de\/blog\/wp-json\/wp\/v2\/categories?post=10555"},{"taxonomy":"post_tag","embeddable":true,"href":"https:\/\/www.kle-blatt.de\/blog\/wp-json\/wp\/v2\/tags?post=10555"}],"curies":[{"name":"wp","href":"https:\/\/api.w.org\/{rel}","templated":true}]}}