{"id":10563,"date":"2022-08-18T06:10:27","date_gmt":"2022-08-18T04:10:27","guid":{"rendered":"http:\/\/www.kle-blatt.de\/blog\/?p=10563"},"modified":"2022-07-19T12:06:21","modified_gmt":"2022-07-19T10:06:21","slug":"die-gingko-blaetter-von-kleve","status":"publish","type":"post","link":"https:\/\/www.kle-blatt.de\/blog\/kleve-in-foto-video\/aus-dem-privatalbum\/die-gingko-blaetter-von-kleve.html","title":{"rendered":"Bemerkt? Die Gingko-Bl\u00e4tter von Kleve"},"content":{"rendered":"<p><strong>Bemerkt? Die Gingko-Bl\u00e4tter von Kleve<\/strong><\/p>\n<p>M\u00f6glicherweise haben die meisten Besucher des Forstgartens noch nie bemerkt, dass an der Seite des Musik-Pavillons stilisierte Gingko-Bl\u00e4tter in die Wandverkleidung\u00a0eingelassen wurden.<br \/>\nDer Gingko-Baum ist eigentlich in China beheimatet. Er wurde zum &#8222;Baum des Jahrtausends&#8220; erkoren und steht f\u00fcr Umweltschutz und Frieden. Auch im Klever Forstgarten stehen Gingkob\u00e4ume. Sie sind\u00a0\u00fcber 40 Jahre alt und k\u00f6nnen \u00fcber 1.000 Jahre alt werden. Naja, das werden wir dann ja sehen. \ud83d\ude42<\/p>\n<p><a href=\"http:\/\/www.kle-blatt.de\/blog\/wp-content\/uploads\/2014\/07\/gingko-bl\u00e4tter.jpg\"><img loading=\"lazy\" decoding=\"async\" class=\"size-full wp-image-10564 aligncenter\" src=\"https:\/\/www.kle-blatt.de\/blog\/wp-content\/uploads\/2014\/07\/gingko-bl\u00e4tter.jpg\" alt=\"Die Gingko-Bl\u00e4tter von Kleve\" width=\"850\" height=\"580\" \/><\/a><br \/>\n(Foto: KLE-Blatt)<\/p>\n","protected":false},"excerpt":{"rendered":"<p>Bemerkt? Die Gingko-Bl\u00e4tter von Kleve M\u00f6glicherweise haben die meisten Besucher des Forstgartens noch nie bemerkt, dass an der Seite des &hellip; <a href=\"https:\/\/www.kle-blatt.de\/blog\/kleve-in-foto-video\/aus-dem-privatalbum\/die-gingko-blaetter-von-kleve.html\" class=\"more-link\"><span class=\"more-button\">Weiterlesen<span class=\"screen-reader-text\">Bemerkt? Die Gingko-Bl\u00e4tter von Kleve<\/span><\/span><\/a><\/p>\n","protected":false},"author":2,"featured_media":10564,"comment_status":"open","ping_status":"closed","sticky":false,"template":"","format":"standard","meta":{"footnotes":""},"categories":[20],"tags":[2293],"class_list":["post-10563","post","type-post","status-publish","format-standard","has-post-thumbnail","hentry","category-aus-dem-privatalbum","tag-die-gingko-blaetter-von-kleve"],"_links":{"self":[{"href":"https:\/\/www.kle-blatt.de\/blog\/wp-json\/wp\/v2\/posts\/10563","targetHints":{"allow":["GET"]}}],"collection":[{"href":"https:\/\/www.kle-blatt.de\/blog\/wp-json\/wp\/v2\/posts"}],"about":[{"href":"https:\/\/www.kle-blatt.de\/blog\/wp-json\/wp\/v2\/types\/post"}],"author":[{"embeddable":true,"href":"https:\/\/www.kle-blatt.de\/blog\/wp-json\/wp\/v2\/users\/2"}],"replies":[{"embeddable":true,"href":"https:\/\/www.kle-blatt.de\/blog\/wp-json\/wp\/v2\/comments?post=10563"}],"version-history":[{"count":2,"href":"https:\/\/www.kle-blatt.de\/blog\/wp-json\/wp\/v2\/posts\/10563\/revisions"}],"predecessor-version":[{"id":30851,"href":"https:\/\/www.kle-blatt.de\/blog\/wp-json\/wp\/v2\/posts\/10563\/revisions\/30851"}],"wp:featuredmedia":[{"embeddable":true,"href":"https:\/\/www.kle-blatt.de\/blog\/wp-json\/wp\/v2\/media\/10564"}],"wp:attachment":[{"href":"https:\/\/www.kle-blatt.de\/blog\/wp-json\/wp\/v2\/media?parent=10563"}],"wp:term":[{"taxonomy":"category","embeddable":true,"href":"https:\/\/www.kle-blatt.de\/blog\/wp-json\/wp\/v2\/categories?post=10563"},{"taxonomy":"post_tag","embeddable":true,"href":"https:\/\/www.kle-blatt.de\/blog\/wp-json\/wp\/v2\/tags?post=10563"}],"curies":[{"name":"wp","href":"https:\/\/api.w.org\/{rel}","templated":true}]}}