{"id":10578,"date":"2022-07-28T05:10:07","date_gmt":"2022-07-28T03:10:07","guid":{"rendered":"http:\/\/www.kle-blatt.de\/blog\/?p=10578"},"modified":"2022-06-21T11:53:19","modified_gmt":"2022-06-21T09:53:19","slug":"klatschmohn-in-kleve","status":"publish","type":"post","link":"https:\/\/www.kle-blatt.de\/blog\/kleve-in-foto-video\/aus-dem-privatalbum\/klatschmohn-in-kleve.html","title":{"rendered":"Hast Du auch Klatschmohn im Garten?"},"content":{"rendered":"<p><strong>Hast Du auch Klatschmohn im Garten?<\/strong><\/p>\n<p>So sch\u00f6n kann er aussehen, wenn man zur richtigen Zeit bei sch\u00f6nem Wetter mit einer guten Kamera unterwegs ist und das Auge f\u00fcr solche herrlichen Motive besitzt.<br \/>\n\u00dcbrigens steht der Klatschmohn in den persischsprachigen L\u00e4ndern f\u00fcr die Liebe und sein schwarzer Mittelpunkt symbolisiert die Leiden der Liebe. Die Nutzbarkeit dieser Pflanze lassen wir hier mal au\u00dfen vor. \ud83d\ude09<\/p>\n<p><a href=\"http:\/\/www.kle-blatt.de\/blog\/wp-content\/uploads\/2014\/07\/mohn.jpg\"><img loading=\"lazy\" decoding=\"async\" class=\"size-full wp-image-10579 aligncenter\" src=\"http:\/\/www.kle-blatt.de\/blog\/wp-content\/uploads\/2014\/07\/mohn.jpg\" alt=\"Klatschmohn in Kleve\" width=\"850\" height=\"535\" \/><\/a><br \/>\n(Foto: Duck Hans-Wilhelm Heek)<\/p>\n","protected":false},"excerpt":{"rendered":"<p>Hast Du auch Klatschmohn im Garten? So sch\u00f6n kann er aussehen, wenn man zur richtigen Zeit bei sch\u00f6nem Wetter mit &hellip; <a href=\"https:\/\/www.kle-blatt.de\/blog\/kleve-in-foto-video\/aus-dem-privatalbum\/klatschmohn-in-kleve.html\" class=\"more-link\"><span class=\"more-button\">Weiterlesen<span class=\"screen-reader-text\">Hast Du auch Klatschmohn im Garten?<\/span><\/span><\/a><\/p>\n","protected":false},"author":2,"featured_media":10579,"comment_status":"open","ping_status":"closed","sticky":false,"template":"","format":"standard","meta":{"footnotes":""},"categories":[20],"tags":[5789,2298],"class_list":["post-10578","post","type-post","status-publish","format-standard","has-post-thumbnail","hentry","category-aus-dem-privatalbum","tag-hast-du-auch-klatschmohn-im-garten","tag-klatschmohn-in-kleve"],"_links":{"self":[{"href":"https:\/\/www.kle-blatt.de\/blog\/wp-json\/wp\/v2\/posts\/10578","targetHints":{"allow":["GET"]}}],"collection":[{"href":"https:\/\/www.kle-blatt.de\/blog\/wp-json\/wp\/v2\/posts"}],"about":[{"href":"https:\/\/www.kle-blatt.de\/blog\/wp-json\/wp\/v2\/types\/post"}],"author":[{"embeddable":true,"href":"https:\/\/www.kle-blatt.de\/blog\/wp-json\/wp\/v2\/users\/2"}],"replies":[{"embeddable":true,"href":"https:\/\/www.kle-blatt.de\/blog\/wp-json\/wp\/v2\/comments?post=10578"}],"version-history":[{"count":1,"href":"https:\/\/www.kle-blatt.de\/blog\/wp-json\/wp\/v2\/posts\/10578\/revisions"}],"predecessor-version":[{"id":30657,"href":"https:\/\/www.kle-blatt.de\/blog\/wp-json\/wp\/v2\/posts\/10578\/revisions\/30657"}],"wp:featuredmedia":[{"embeddable":true,"href":"https:\/\/www.kle-blatt.de\/blog\/wp-json\/wp\/v2\/media\/10579"}],"wp:attachment":[{"href":"https:\/\/www.kle-blatt.de\/blog\/wp-json\/wp\/v2\/media?parent=10578"}],"wp:term":[{"taxonomy":"category","embeddable":true,"href":"https:\/\/www.kle-blatt.de\/blog\/wp-json\/wp\/v2\/categories?post=10578"},{"taxonomy":"post_tag","embeddable":true,"href":"https:\/\/www.kle-blatt.de\/blog\/wp-json\/wp\/v2\/tags?post=10578"}],"curies":[{"name":"wp","href":"https:\/\/api.w.org\/{rel}","templated":true}]}}