{"id":10755,"date":"2024-08-25T06:00:28","date_gmt":"2024-08-25T04:00:28","guid":{"rendered":"http:\/\/www.kle-blatt.de\/blog\/?p=10755"},"modified":"2024-07-03T12:45:10","modified_gmt":"2024-07-03T10:45:10","slug":"wildwuchs-im-stadtgarten-von-kleve","status":"publish","type":"post","link":"https:\/\/www.kle-blatt.de\/blog\/kleve-in-foto-video\/wildwuchs-im-stadtgarten-von-kleve.html","title":{"rendered":"Sieht es bald in Kleve wieder so aus?"},"content":{"rendered":"<p><strong>Sieht es bald in Kleve wieder so aus?<\/strong><\/p>\n<p>Anfang der F\u00fcnfziger Jahre zeigte sich das Gel\u00e4nde an der Stiftskirche noch sehr wild und urw\u00fcchsig. So sieht es in jedem Garten aus, wenn man ihm keine vern\u00fcnftige Pflege angedeihen l\u00e4sst. Nun &#8211; mittlerweile sieht es an Ort und Stelle ja ganz anders aus. Doch im Zuge des Insektensterbens ruft man inzwischen \u00fcberall dazu auf, wieder zum urspr\u00fcnglichen Wildwuchs zur\u00fcck zu kehren. Dann k\u00f6nnte es tats\u00e4chlich auf den noch in Kleve vorhandenen Gr\u00fcnfl\u00e4chen bald wieder so aussehen.<\/p>\n<p><a href=\"http:\/\/www.kle-blatt.de\/blog\/wp-content\/uploads\/2014\/07\/feld.jpg\"><img loading=\"lazy\" decoding=\"async\" class=\"size-full wp-image-10756 aligncenter\" src=\"https:\/\/www.kle-blatt.de\/blog\/wp-content\/uploads\/2014\/07\/feld.jpg\" alt=\"Sieht es bald in Kleve wieder so aus?\" width=\"850\" height=\"532\" \/><\/a><\/p>\n","protected":false},"excerpt":{"rendered":"<p>Sieht es bald in Kleve wieder so aus? Anfang der F\u00fcnfziger Jahre zeigte sich das Gel\u00e4nde an der Stiftskirche noch &hellip; <a href=\"https:\/\/www.kle-blatt.de\/blog\/kleve-in-foto-video\/wildwuchs-im-stadtgarten-von-kleve.html\" class=\"more-link\"><span class=\"more-button\">Weiterlesen<span class=\"screen-reader-text\">Sieht es bald in Kleve wieder so aus?<\/span><\/span><\/a><\/p>\n","protected":false},"author":2,"featured_media":10756,"comment_status":"closed","ping_status":"closed","sticky":false,"template":"","format":"standard","meta":{"footnotes":""},"categories":[3],"tags":[5038,2315],"class_list":["post-10755","post","type-post","status-publish","format-standard","has-post-thumbnail","hentry","category-kleve-in-foto-video","tag-sieht-es-bald-in-kleve-wieder-so-aus","tag-wildwuchs-im-stadtgarten-von-kleve"],"_links":{"self":[{"href":"https:\/\/www.kle-blatt.de\/blog\/wp-json\/wp\/v2\/posts\/10755","targetHints":{"allow":["GET"]}}],"collection":[{"href":"https:\/\/www.kle-blatt.de\/blog\/wp-json\/wp\/v2\/posts"}],"about":[{"href":"https:\/\/www.kle-blatt.de\/blog\/wp-json\/wp\/v2\/types\/post"}],"author":[{"embeddable":true,"href":"https:\/\/www.kle-blatt.de\/blog\/wp-json\/wp\/v2\/users\/2"}],"replies":[{"embeddable":true,"href":"https:\/\/www.kle-blatt.de\/blog\/wp-json\/wp\/v2\/comments?post=10755"}],"version-history":[{"count":2,"href":"https:\/\/www.kle-blatt.de\/blog\/wp-json\/wp\/v2\/posts\/10755\/revisions"}],"predecessor-version":[{"id":34076,"href":"https:\/\/www.kle-blatt.de\/blog\/wp-json\/wp\/v2\/posts\/10755\/revisions\/34076"}],"wp:featuredmedia":[{"embeddable":true,"href":"https:\/\/www.kle-blatt.de\/blog\/wp-json\/wp\/v2\/media\/10756"}],"wp:attachment":[{"href":"https:\/\/www.kle-blatt.de\/blog\/wp-json\/wp\/v2\/media?parent=10755"}],"wp:term":[{"taxonomy":"category","embeddable":true,"href":"https:\/\/www.kle-blatt.de\/blog\/wp-json\/wp\/v2\/categories?post=10755"},{"taxonomy":"post_tag","embeddable":true,"href":"https:\/\/www.kle-blatt.de\/blog\/wp-json\/wp\/v2\/tags?post=10755"}],"curies":[{"name":"wp","href":"https:\/\/api.w.org\/{rel}","templated":true}]}}