{"id":10789,"date":"2022-08-03T06:00:28","date_gmt":"2022-08-03T04:00:28","guid":{"rendered":"http:\/\/www.kle-blatt.de\/blog\/?p=10789"},"modified":"2022-07-15T11:42:34","modified_gmt":"2022-07-15T09:42:34","slug":"das-erste-spezialgeschaeft-in-kleve","status":"publish","type":"post","link":"https:\/\/www.kle-blatt.de\/blog\/kleve-in-foto-video\/das-erste-spezialgeschaeft-in-kleve.html","title":{"rendered":"Das erste Spezialgesch\u00e4ft in Kleve"},"content":{"rendered":"<p><strong>Das erste Spezialgesch\u00e4ft in Kleve<\/strong><\/p>\n<p>Und nach eigenen Angaben auch das \u00e4lteste. Seinerzeit einer der gr\u00f6\u00dften Damen- und Herren-Salons von Kleve.<br \/>\nDie Parf\u00fcmerie Richrath befand sich auf der Schlo\u00dfstra\u00dfe und besch\u00e4ftigte immerhin bis zu 15 Mitarbeiterinnen und Mitarbeiter. Man verf\u00fcgte damals schon \u00fcber eine eigene Kosmetik-Abteilung, was fr\u00fcher schlicht als &#8222;Sch\u00f6nheitsbehandlung&#8220; bezeichnet wurde.<\/p>\n<p><a href=\"http:\/\/www.kle-blatt.de\/blog\/wp-content\/uploads\/2014\/07\/richrath.jpg\"><img loading=\"lazy\" decoding=\"async\" class=\"size-full wp-image-10790 aligncenter\" src=\"https:\/\/www.kle-blatt.de\/blog\/wp-content\/uploads\/2014\/07\/richrath.jpg\" alt=\"Das erste Spezialgesch\u00e4ft in Kleve\" width=\"850\" height=\"352\" \/><\/a><\/p>\n","protected":false},"excerpt":{"rendered":"<p>Das erste Spezialgesch\u00e4ft in Kleve Und nach eigenen Angaben auch das \u00e4lteste. Seinerzeit einer der gr\u00f6\u00dften Damen- und Herren-Salons von &hellip; <a href=\"https:\/\/www.kle-blatt.de\/blog\/kleve-in-foto-video\/das-erste-spezialgeschaeft-in-kleve.html\" class=\"more-link\"><span class=\"more-button\">Weiterlesen<span class=\"screen-reader-text\">Das erste Spezialgesch\u00e4ft in Kleve<\/span><\/span><\/a><\/p>\n","protected":false},"author":2,"featured_media":10790,"comment_status":"open","ping_status":"closed","sticky":false,"template":"","format":"standard","meta":{"footnotes":""},"categories":[3],"tags":[2325],"class_list":["post-10789","post","type-post","status-publish","format-standard","has-post-thumbnail","hentry","category-kleve-in-foto-video","tag-das-erste-spezialgeschaeft-in-kleve"],"_links":{"self":[{"href":"https:\/\/www.kle-blatt.de\/blog\/wp-json\/wp\/v2\/posts\/10789","targetHints":{"allow":["GET"]}}],"collection":[{"href":"https:\/\/www.kle-blatt.de\/blog\/wp-json\/wp\/v2\/posts"}],"about":[{"href":"https:\/\/www.kle-blatt.de\/blog\/wp-json\/wp\/v2\/types\/post"}],"author":[{"embeddable":true,"href":"https:\/\/www.kle-blatt.de\/blog\/wp-json\/wp\/v2\/users\/2"}],"replies":[{"embeddable":true,"href":"https:\/\/www.kle-blatt.de\/blog\/wp-json\/wp\/v2\/comments?post=10789"}],"version-history":[{"count":2,"href":"https:\/\/www.kle-blatt.de\/blog\/wp-json\/wp\/v2\/posts\/10789\/revisions"}],"predecessor-version":[{"id":30821,"href":"https:\/\/www.kle-blatt.de\/blog\/wp-json\/wp\/v2\/posts\/10789\/revisions\/30821"}],"wp:featuredmedia":[{"embeddable":true,"href":"https:\/\/www.kle-blatt.de\/blog\/wp-json\/wp\/v2\/media\/10790"}],"wp:attachment":[{"href":"https:\/\/www.kle-blatt.de\/blog\/wp-json\/wp\/v2\/media?parent=10789"}],"wp:term":[{"taxonomy":"category","embeddable":true,"href":"https:\/\/www.kle-blatt.de\/blog\/wp-json\/wp\/v2\/categories?post=10789"},{"taxonomy":"post_tag","embeddable":true,"href":"https:\/\/www.kle-blatt.de\/blog\/wp-json\/wp\/v2\/tags?post=10789"}],"curies":[{"name":"wp","href":"https:\/\/api.w.org\/{rel}","templated":true}]}}