{"id":10796,"date":"2024-08-07T07:00:38","date_gmt":"2024-08-07T05:00:38","guid":{"rendered":"http:\/\/www.kle-blatt.de\/blog\/?p=10796"},"modified":"2024-07-03T13:01:10","modified_gmt":"2024-07-03T11:01:10","slug":"motorroller-zeichen-des-aufschwungs-in-kleve","status":"publish","type":"post","link":"https:\/\/www.kle-blatt.de\/blog\/kleve-in-foto-video\/aus-dem-privatalbum\/motorroller-zeichen-des-aufschwungs-in-kleve.html","title":{"rendered":"Motorroller &#8211; Zeichen des Aufschwungs in Kleve"},"content":{"rendered":"<p><strong>Motorroller &#8211; Zeichen des Aufschwungs in Kleve<\/strong><\/p>\n<p>Anfang der F\u00fcnfziger, als man mit dem Wiederaufbau besch\u00e4ftigt war, wurden Motorroller der Marken Vespa und Lambretta f\u00fcr die damalige Jugend zum Zeichen eines Aufschwungs, den auch Kleve erfasste.<br \/>\nHier sehen wir einige dieser damaligen Zeichen des aufkeimenden Wohlstands.<br \/>\nDen jungen Damen hier ist die Freude \u00fcber die neue Errungenschaft anzusehen. Der junge Mann im Hintergrund ist sogar Fahrer eines Motorrades der Marke Horex Regina. Ein derzeitiger Klassiker des motorisierten Zweirades.<\/p>\n<p><a href=\"http:\/\/www.kle-blatt.de\/blog\/wp-content\/uploads\/2014\/07\/roller1.jpg\"><img loading=\"lazy\" decoding=\"async\" class=\"size-full wp-image-10798 aligncenter\" src=\"https:\/\/www.kle-blatt.de\/blog\/wp-content\/uploads\/2014\/07\/roller1.jpg\" alt=\"Motorroller - Zeichen des Aufschwungs in Kleve\" width=\"850\" height=\"587\" \/><\/a><br \/>\n(Fotos: KLE-Blatt)<br \/>\n<a href=\"http:\/\/www.kle-blatt.de\/blog\/wp-content\/uploads\/2014\/07\/roller.jpg\"><img loading=\"lazy\" decoding=\"async\" class=\"size-full wp-image-10797 aligncenter\" src=\"https:\/\/www.kle-blatt.de\/blog\/wp-content\/uploads\/2014\/07\/roller.jpg\" alt=\"Motorroller - Zeichen des Aufschwungs in Kleve\" width=\"850\" height=\"590\" \/><\/a><\/p>\n","protected":false},"excerpt":{"rendered":"<p>Motorroller &#8211; Zeichen des Aufschwungs in Kleve Anfang der F\u00fcnfziger, als man mit dem Wiederaufbau besch\u00e4ftigt war, wurden Motorroller der &hellip; <a href=\"https:\/\/www.kle-blatt.de\/blog\/kleve-in-foto-video\/aus-dem-privatalbum\/motorroller-zeichen-des-aufschwungs-in-kleve.html\" class=\"more-link\"><span class=\"more-button\">Weiterlesen<span class=\"screen-reader-text\">Motorroller &#8211; Zeichen des Aufschwungs in Kleve<\/span><\/span><\/a><\/p>\n","protected":false},"author":2,"featured_media":10798,"comment_status":"closed","ping_status":"closed","sticky":false,"template":"","format":"standard","meta":{"footnotes":""},"categories":[20],"tags":[2327],"class_list":["post-10796","post","type-post","status-publish","format-standard","has-post-thumbnail","hentry","category-aus-dem-privatalbum","tag-motorroller-zeichen-des-aufschwungs-in-kleve"],"_links":{"self":[{"href":"https:\/\/www.kle-blatt.de\/blog\/wp-json\/wp\/v2\/posts\/10796","targetHints":{"allow":["GET"]}}],"collection":[{"href":"https:\/\/www.kle-blatt.de\/blog\/wp-json\/wp\/v2\/posts"}],"about":[{"href":"https:\/\/www.kle-blatt.de\/blog\/wp-json\/wp\/v2\/types\/post"}],"author":[{"embeddable":true,"href":"https:\/\/www.kle-blatt.de\/blog\/wp-json\/wp\/v2\/users\/2"}],"replies":[{"embeddable":true,"href":"https:\/\/www.kle-blatt.de\/blog\/wp-json\/wp\/v2\/comments?post=10796"}],"version-history":[{"count":2,"href":"https:\/\/www.kle-blatt.de\/blog\/wp-json\/wp\/v2\/posts\/10796\/revisions"}],"predecessor-version":[{"id":34090,"href":"https:\/\/www.kle-blatt.de\/blog\/wp-json\/wp\/v2\/posts\/10796\/revisions\/34090"}],"wp:featuredmedia":[{"embeddable":true,"href":"https:\/\/www.kle-blatt.de\/blog\/wp-json\/wp\/v2\/media\/10798"}],"wp:attachment":[{"href":"https:\/\/www.kle-blatt.de\/blog\/wp-json\/wp\/v2\/media?parent=10796"}],"wp:term":[{"taxonomy":"category","embeddable":true,"href":"https:\/\/www.kle-blatt.de\/blog\/wp-json\/wp\/v2\/categories?post=10796"},{"taxonomy":"post_tag","embeddable":true,"href":"https:\/\/www.kle-blatt.de\/blog\/wp-json\/wp\/v2\/tags?post=10796"}],"curies":[{"name":"wp","href":"https:\/\/api.w.org\/{rel}","templated":true}]}}