{"id":10823,"date":"2024-09-01T06:10:55","date_gmt":"2024-09-01T04:10:55","guid":{"rendered":"http:\/\/www.kle-blatt.de\/blog\/?p=10823"},"modified":"2024-07-15T13:39:35","modified_gmt":"2024-07-15T11:39:35","slug":"die-zuschneiderei-der-schuhfabrik-gustav-hoffmann","status":"publish","type":"post","link":"https:\/\/www.kle-blatt.de\/blog\/kleve-in-foto-video\/die-zuschneiderei-der-schuhfabrik-gustav-hoffmann.html","title":{"rendered":"Die Zuschneiderei der Schuhfabrik Gustav Hoffmann"},"content":{"rendered":"<p><strong>Die Zuschneiderei der Schuhfabrik Gustav Hoffmann<\/strong><\/p>\n<p>Kaum zu glauben, aber hier sehen wir nur einen Teil der riesigen Zuschneiderei der Schuhfabrik Gustav Hoffmann in Kleve. Trotzdem kann man sich allein an diesem Bild eine Vorstellung davon machen, welche Gr\u00f6\u00dfe diese Firma einmal hatte und welche Mengen an Schuhen jeden Tag das Werk verlie\u00dfen.<\/p>\n<p><a href=\"http:\/\/www.kle-blatt.de\/blog\/wp-content\/uploads\/2014\/07\/zuschneiderei.jpg\"><img loading=\"lazy\" decoding=\"async\" class=\"size-full wp-image-10824 aligncenter\" src=\"https:\/\/www.kle-blatt.de\/blog\/wp-content\/uploads\/2014\/07\/zuschneiderei.jpg\" alt=\"Die Zuschneiderei der Schuhfabrik Gustav Hoffmann\" width=\"850\" height=\"572\" \/><\/a><\/p>\n","protected":false},"excerpt":{"rendered":"<p>Die Zuschneiderei der Schuhfabrik Gustav Hoffmann Kaum zu glauben, aber hier sehen wir nur einen Teil der riesigen Zuschneiderei der &hellip; <a href=\"https:\/\/www.kle-blatt.de\/blog\/kleve-in-foto-video\/die-zuschneiderei-der-schuhfabrik-gustav-hoffmann.html\" class=\"more-link\"><span class=\"more-button\">Weiterlesen<span class=\"screen-reader-text\">Die Zuschneiderei der Schuhfabrik Gustav Hoffmann<\/span><\/span><\/a><\/p>\n","protected":false},"author":2,"featured_media":10824,"comment_status":"closed","ping_status":"closed","sticky":false,"template":"","format":"standard","meta":{"footnotes":""},"categories":[3],"tags":[2335],"class_list":["post-10823","post","type-post","status-publish","format-standard","has-post-thumbnail","hentry","category-kleve-in-foto-video","tag-die-zuschneiderei-der-schuhfabrik-gustav-hoffmann"],"_links":{"self":[{"href":"https:\/\/www.kle-blatt.de\/blog\/wp-json\/wp\/v2\/posts\/10823","targetHints":{"allow":["GET"]}}],"collection":[{"href":"https:\/\/www.kle-blatt.de\/blog\/wp-json\/wp\/v2\/posts"}],"about":[{"href":"https:\/\/www.kle-blatt.de\/blog\/wp-json\/wp\/v2\/types\/post"}],"author":[{"embeddable":true,"href":"https:\/\/www.kle-blatt.de\/blog\/wp-json\/wp\/v2\/users\/2"}],"replies":[{"embeddable":true,"href":"https:\/\/www.kle-blatt.de\/blog\/wp-json\/wp\/v2\/comments?post=10823"}],"version-history":[{"count":2,"href":"https:\/\/www.kle-blatt.de\/blog\/wp-json\/wp\/v2\/posts\/10823\/revisions"}],"predecessor-version":[{"id":34138,"href":"https:\/\/www.kle-blatt.de\/blog\/wp-json\/wp\/v2\/posts\/10823\/revisions\/34138"}],"wp:featuredmedia":[{"embeddable":true,"href":"https:\/\/www.kle-blatt.de\/blog\/wp-json\/wp\/v2\/media\/10824"}],"wp:attachment":[{"href":"https:\/\/www.kle-blatt.de\/blog\/wp-json\/wp\/v2\/media?parent=10823"}],"wp:term":[{"taxonomy":"category","embeddable":true,"href":"https:\/\/www.kle-blatt.de\/blog\/wp-json\/wp\/v2\/categories?post=10823"},{"taxonomy":"post_tag","embeddable":true,"href":"https:\/\/www.kle-blatt.de\/blog\/wp-json\/wp\/v2\/tags?post=10823"}],"curies":[{"name":"wp","href":"https:\/\/api.w.org\/{rel}","templated":true}]}}