{"id":10889,"date":"2023-08-19T06:00:56","date_gmt":"2023-08-19T04:00:56","guid":{"rendered":"http:\/\/www.kle-blatt.de\/blog\/?p=10889"},"modified":"2023-07-16T12:24:22","modified_gmt":"2023-07-16T10:24:22","slug":"der-klever-kopf","status":"publish","type":"post","link":"https:\/\/www.kle-blatt.de\/blog\/kleve-in-foto-video\/der-klever-kopf.html","title":{"rendered":"Schonmal etwas vom Klever Kopf geh\u00f6rt?"},"content":{"rendered":"<p><strong>Schonmal etwas vom Klever Kopf geh\u00f6rt?<\/strong><\/p>\n<p>Die Helme der Klever Herz\u00f6ge zierte ein gekr\u00f6nter Ochsenkopf. Doch dieser Klever Kopf ist hier nicht gemeint. Es geht um einen patentierten &#8222;Klever Kopf&#8220;, bei dem es sich um eine Erfindung der Van-Den-Bergh Margarinewerke handelte. Der Klever Kopf wurde im Jahre 1965 in Betrieb genommen und ersetzte das bis dahin verwendete Margarine-Herstellungsverfahren mit Kirnen und Trommeln. Ein Schnellk\u00fchler, in dem letztlich der Klever Kopf Verwendung fand, erlaubte es, mehrere Margarinesorten gleichzeitig herzustellen. So kam man auf unfassbare 3.000 Tonnen in der Woche. Das entsprach der Jahresproduktion von 1890.<\/p>\n<p><a href=\"http:\/\/www.kle-blatt.de\/blog\/wp-content\/uploads\/2014\/07\/der-klever-kopf-62.jpg\"><img loading=\"lazy\" decoding=\"async\" class=\"size-full wp-image-10890 aligncenter\" src=\"https:\/\/www.kle-blatt.de\/blog\/wp-content\/uploads\/2014\/07\/der-klever-kopf-62.jpg\" alt=\"der klever kopf\" width=\"850\" height=\"908\" \/><\/a><br \/>\n(Foto: &#8222;Kleve, Marg. und Van Den Bergh&#8220; &#8211; Dr.Erwin Koch)<\/p>\n","protected":false},"excerpt":{"rendered":"<p>Schonmal etwas vom Klever Kopf geh\u00f6rt? Die Helme der Klever Herz\u00f6ge zierte ein gekr\u00f6nter Ochsenkopf. Doch dieser Klever Kopf ist &hellip; <a href=\"https:\/\/www.kle-blatt.de\/blog\/kleve-in-foto-video\/der-klever-kopf.html\" class=\"more-link\"><span class=\"more-button\">Weiterlesen<span class=\"screen-reader-text\">Schonmal etwas vom Klever Kopf geh\u00f6rt?<\/span><\/span><\/a><\/p>\n","protected":false},"author":2,"featured_media":10890,"comment_status":"open","ping_status":"closed","sticky":false,"template":"","format":"standard","meta":{"footnotes":""},"categories":[3],"tags":[2354],"class_list":["post-10889","post","type-post","status-publish","format-standard","has-post-thumbnail","hentry","category-kleve-in-foto-video","tag-der-klever-kopf"],"_links":{"self":[{"href":"https:\/\/www.kle-blatt.de\/blog\/wp-json\/wp\/v2\/posts\/10889","targetHints":{"allow":["GET"]}}],"collection":[{"href":"https:\/\/www.kle-blatt.de\/blog\/wp-json\/wp\/v2\/posts"}],"about":[{"href":"https:\/\/www.kle-blatt.de\/blog\/wp-json\/wp\/v2\/types\/post"}],"author":[{"embeddable":true,"href":"https:\/\/www.kle-blatt.de\/blog\/wp-json\/wp\/v2\/users\/2"}],"replies":[{"embeddable":true,"href":"https:\/\/www.kle-blatt.de\/blog\/wp-json\/wp\/v2\/comments?post=10889"}],"version-history":[{"count":2,"href":"https:\/\/www.kle-blatt.de\/blog\/wp-json\/wp\/v2\/posts\/10889\/revisions"}],"predecessor-version":[{"id":32447,"href":"https:\/\/www.kle-blatt.de\/blog\/wp-json\/wp\/v2\/posts\/10889\/revisions\/32447"}],"wp:featuredmedia":[{"embeddable":true,"href":"https:\/\/www.kle-blatt.de\/blog\/wp-json\/wp\/v2\/media\/10890"}],"wp:attachment":[{"href":"https:\/\/www.kle-blatt.de\/blog\/wp-json\/wp\/v2\/media?parent=10889"}],"wp:term":[{"taxonomy":"category","embeddable":true,"href":"https:\/\/www.kle-blatt.de\/blog\/wp-json\/wp\/v2\/categories?post=10889"},{"taxonomy":"post_tag","embeddable":true,"href":"https:\/\/www.kle-blatt.de\/blog\/wp-json\/wp\/v2\/tags?post=10889"}],"curies":[{"name":"wp","href":"https:\/\/api.w.org\/{rel}","templated":true}]}}