{"id":10914,"date":"2024-08-02T06:10:07","date_gmt":"2024-08-02T04:10:07","guid":{"rendered":"http:\/\/www.kle-blatt.de\/blog\/?p=10914"},"modified":"2024-07-02T11:03:40","modified_gmt":"2024-07-02T09:03:40","slug":"ballonfahren-im-sommer","status":"publish","type":"post","link":"https:\/\/www.kle-blatt.de\/blog\/kleve-in-foto-video\/aus-dem-privatalbum\/ballonfahren-im-sommer.html","title":{"rendered":"Schonmal gemacht? Ballonfahren im Sommer"},"content":{"rendered":"<p><strong>Schonmal gemacht? Ballonfahren im Sommer<\/strong><\/p>\n<p>Eine absolut romantische Fahrt im warmen Orange der untergehenden Sonne mit gutem Blick \u00fcber die Landschaft am Niederrhein.<br \/>\nBei entsprechendem Wetter sieht man sie oft \u00fcber uns hinweg schweben, die riesigen bunten Ballons, mit ihrem laut zischenden Gasgebl\u00e4se, die ruhig und fast lautlos \u00fcber unsere K\u00f6pfe gleiten. Ein ganz besonderer Spa\u00df.<\/p>\n<p><a href=\"http:\/\/www.kle-blatt.de\/blog\/wp-content\/uploads\/2014\/07\/ballon2.jpg\"><img loading=\"lazy\" decoding=\"async\" class=\"size-full wp-image-10915 aligncenter\" src=\"https:\/\/www.kle-blatt.de\/blog\/wp-content\/uploads\/2014\/07\/ballon2.jpg\" alt=\"Schonmal gemacht? Ballonfahren im Sommer\" width=\"850\" height=\"520\" \/><\/a><br \/>\n(Foto: Udo Kleinendonk)<\/p>\n","protected":false},"excerpt":{"rendered":"<p>Schonmal gemacht? Ballonfahren im Sommer Eine absolut romantische Fahrt im warmen Orange der untergehenden Sonne mit gutem Blick \u00fcber die &hellip; <a href=\"https:\/\/www.kle-blatt.de\/blog\/kleve-in-foto-video\/aus-dem-privatalbum\/ballonfahren-im-sommer.html\" class=\"more-link\"><span class=\"more-button\">Weiterlesen<span class=\"screen-reader-text\">Schonmal gemacht? Ballonfahren im Sommer<\/span><\/span><\/a><\/p>\n","protected":false},"author":2,"featured_media":10915,"comment_status":"closed","ping_status":"closed","sticky":false,"template":"","format":"standard","meta":{"footnotes":""},"categories":[20],"tags":[2360],"class_list":["post-10914","post","type-post","status-publish","format-standard","has-post-thumbnail","hentry","category-aus-dem-privatalbum","tag-ballonfahren-im-sommer"],"_links":{"self":[{"href":"https:\/\/www.kle-blatt.de\/blog\/wp-json\/wp\/v2\/posts\/10914","targetHints":{"allow":["GET"]}}],"collection":[{"href":"https:\/\/www.kle-blatt.de\/blog\/wp-json\/wp\/v2\/posts"}],"about":[{"href":"https:\/\/www.kle-blatt.de\/blog\/wp-json\/wp\/v2\/types\/post"}],"author":[{"embeddable":true,"href":"https:\/\/www.kle-blatt.de\/blog\/wp-json\/wp\/v2\/users\/2"}],"replies":[{"embeddable":true,"href":"https:\/\/www.kle-blatt.de\/blog\/wp-json\/wp\/v2\/comments?post=10914"}],"version-history":[{"count":2,"href":"https:\/\/www.kle-blatt.de\/blog\/wp-json\/wp\/v2\/posts\/10914\/revisions"}],"predecessor-version":[{"id":34031,"href":"https:\/\/www.kle-blatt.de\/blog\/wp-json\/wp\/v2\/posts\/10914\/revisions\/34031"}],"wp:featuredmedia":[{"embeddable":true,"href":"https:\/\/www.kle-blatt.de\/blog\/wp-json\/wp\/v2\/media\/10915"}],"wp:attachment":[{"href":"https:\/\/www.kle-blatt.de\/blog\/wp-json\/wp\/v2\/media?parent=10914"}],"wp:term":[{"taxonomy":"category","embeddable":true,"href":"https:\/\/www.kle-blatt.de\/blog\/wp-json\/wp\/v2\/categories?post=10914"},{"taxonomy":"post_tag","embeddable":true,"href":"https:\/\/www.kle-blatt.de\/blog\/wp-json\/wp\/v2\/tags?post=10914"}],"curies":[{"name":"wp","href":"https:\/\/api.w.org\/{rel}","templated":true}]}}