{"id":10959,"date":"2025-08-17T06:10:27","date_gmt":"2025-08-17T04:10:27","guid":{"rendered":"http:\/\/www.kle-blatt.de\/blog\/?p=10959"},"modified":"2025-07-03T14:45:40","modified_gmt":"2025-07-03T12:45:40","slug":"die-parkanlage-am-klever-bahnhof","status":"publish","type":"post","link":"https:\/\/www.kle-blatt.de\/blog\/kleve-in-foto-video\/die-parkanlage-am-klever-bahnhof.html","title":{"rendered":"Gewusst? Die Parkanlage am Klever Bahnhof"},"content":{"rendered":"<p><strong>Gewusst? Die Parkanlage am Klever Bahnhof<\/strong><\/p>\n<p>In Zeiten, als es noch keinen Busbahnhof gab und der Stra\u00dfenverkehr noch von Fu\u00dfg\u00e4ngern, Radfahrern und Pferdefuhrwerken gepr\u00e4gt wurde, befand sich vor dem Klever Bahnhof eine sehenswerte Parkanlage.<br \/>\nAngelehnt an die Anlagen im Forstgarten waren hier wunderbare Spazierwege inmitten von \u00fcppigen Gr\u00fcnpflanzen und B\u00e4umen angelegt worden.<\/p>\n<p><a href=\"http:\/\/www.kle-blatt.de\/blog\/wp-content\/uploads\/2014\/07\/anlagen-bahnhof-kleve.jpg\"><img loading=\"lazy\" decoding=\"async\" class=\"size-full wp-image-10960 aligncenter\" src=\"https:\/\/www.kle-blatt.de\/blog\/wp-content\/uploads\/2014\/07\/anlagen-bahnhof-kleve.jpg\" alt=\"Die Parkanlage am Klever Bahnhof\" width=\"850\" height=\"656\" \/><\/a><\/p>\n","protected":false},"excerpt":{"rendered":"<p>Gewusst? Die Parkanlage am Klever Bahnhof In Zeiten, als es noch keinen Busbahnhof gab und der Stra\u00dfenverkehr noch von Fu\u00dfg\u00e4ngern, &hellip; <a href=\"https:\/\/www.kle-blatt.de\/blog\/kleve-in-foto-video\/die-parkanlage-am-klever-bahnhof.html\" class=\"more-link\"><span class=\"more-button\">Weiterlesen<span class=\"screen-reader-text\">Gewusst? Die Parkanlage am Klever Bahnhof<\/span><\/span><\/a><\/p>\n","protected":false},"author":2,"featured_media":10960,"comment_status":"closed","ping_status":"closed","sticky":false,"template":"","format":"standard","meta":{"footnotes":""},"categories":[3],"tags":[2374],"class_list":["post-10959","post","type-post","status-publish","format-standard","has-post-thumbnail","hentry","category-kleve-in-foto-video","tag-die-parkanlage-am-klever-bahnhof"],"_links":{"self":[{"href":"https:\/\/www.kle-blatt.de\/blog\/wp-json\/wp\/v2\/posts\/10959","targetHints":{"allow":["GET"]}}],"collection":[{"href":"https:\/\/www.kle-blatt.de\/blog\/wp-json\/wp\/v2\/posts"}],"about":[{"href":"https:\/\/www.kle-blatt.de\/blog\/wp-json\/wp\/v2\/types\/post"}],"author":[{"embeddable":true,"href":"https:\/\/www.kle-blatt.de\/blog\/wp-json\/wp\/v2\/users\/2"}],"replies":[{"embeddable":true,"href":"https:\/\/www.kle-blatt.de\/blog\/wp-json\/wp\/v2\/comments?post=10959"}],"version-history":[{"count":2,"href":"https:\/\/www.kle-blatt.de\/blog\/wp-json\/wp\/v2\/posts\/10959\/revisions"}],"predecessor-version":[{"id":29082,"href":"https:\/\/www.kle-blatt.de\/blog\/wp-json\/wp\/v2\/posts\/10959\/revisions\/29082"}],"wp:featuredmedia":[{"embeddable":true,"href":"https:\/\/www.kle-blatt.de\/blog\/wp-json\/wp\/v2\/media\/10960"}],"wp:attachment":[{"href":"https:\/\/www.kle-blatt.de\/blog\/wp-json\/wp\/v2\/media?parent=10959"}],"wp:term":[{"taxonomy":"category","embeddable":true,"href":"https:\/\/www.kle-blatt.de\/blog\/wp-json\/wp\/v2\/categories?post=10959"},{"taxonomy":"post_tag","embeddable":true,"href":"https:\/\/www.kle-blatt.de\/blog\/wp-json\/wp\/v2\/tags?post=10959"}],"curies":[{"name":"wp","href":"https:\/\/api.w.org\/{rel}","templated":true}]}}