{"id":10965,"date":"2022-08-27T05:00:12","date_gmt":"2022-08-27T03:00:12","guid":{"rendered":"http:\/\/www.kle-blatt.de\/blog\/?p=10965"},"modified":"2022-07-14T13:34:38","modified_gmt":"2022-07-14T11:34:38","slug":"der-prinzenhof-ueber-dem-kermisdahl","status":"publish","type":"post","link":"https:\/\/www.kle-blatt.de\/blog\/kleve-in-foto-video\/der-prinzenhof-ueber-dem-kermisdahl.html","title":{"rendered":"Toll: Der Prinzenhof \u00fcber dem Kermisdahl"},"content":{"rendered":"<p><strong>Toll: Der Prinzenhof \u00fcber dem Kermisdahl<\/strong><\/p>\n<p>Vier Damen paddeln im Ruderboot von Scho \u00fcber den Kermisdahl. Zu dieser Zeit hatten sie einen gro\u00dfartigen Blick auf das prachtvolle Hotel Prinzenhof, denn der H\u00fcgel vom Moritz-Park war noch nicht so bewachsen, wie er sich heute darstellt. Das fantastische Geb\u00e4ude wurde leider\u00a0komplett zerst\u00f6rt. Ein Jammer f\u00fcr Kleve und seine G\u00e4ste.<\/p>\n<p><a href=\"http:\/\/www.kle-blatt.de\/blog\/wp-content\/uploads\/2014\/07\/prinzenhof11.jpg\"><img loading=\"lazy\" decoding=\"async\" class=\"size-full wp-image-10966 aligncenter\" src=\"https:\/\/www.kle-blatt.de\/blog\/wp-content\/uploads\/2014\/07\/prinzenhof11.jpg\" alt=\"Toll: Der Prinzenhof \u00fcber dem Kermisdahl\" width=\"850\" height=\"559\" \/><\/a><\/p>\n","protected":false},"excerpt":{"rendered":"<p>Toll: Der Prinzenhof \u00fcber dem Kermisdahl Vier Damen paddeln im Ruderboot von Scho \u00fcber den Kermisdahl. Zu dieser Zeit hatten &hellip; <a href=\"https:\/\/www.kle-blatt.de\/blog\/kleve-in-foto-video\/der-prinzenhof-ueber-dem-kermisdahl.html\" class=\"more-link\"><span class=\"more-button\">Weiterlesen<span class=\"screen-reader-text\">Toll: Der Prinzenhof \u00fcber dem Kermisdahl<\/span><\/span><\/a><\/p>\n","protected":false},"author":2,"featured_media":10966,"comment_status":"open","ping_status":"closed","sticky":false,"template":"","format":"standard","meta":{"footnotes":""},"categories":[3],"tags":[2376],"class_list":["post-10965","post","type-post","status-publish","format-standard","has-post-thumbnail","hentry","category-kleve-in-foto-video","tag-der-prinzenhof-ueber-dem-kermisdahl"],"_links":{"self":[{"href":"https:\/\/www.kle-blatt.de\/blog\/wp-json\/wp\/v2\/posts\/10965","targetHints":{"allow":["GET"]}}],"collection":[{"href":"https:\/\/www.kle-blatt.de\/blog\/wp-json\/wp\/v2\/posts"}],"about":[{"href":"https:\/\/www.kle-blatt.de\/blog\/wp-json\/wp\/v2\/types\/post"}],"author":[{"embeddable":true,"href":"https:\/\/www.kle-blatt.de\/blog\/wp-json\/wp\/v2\/users\/2"}],"replies":[{"embeddable":true,"href":"https:\/\/www.kle-blatt.de\/blog\/wp-json\/wp\/v2\/comments?post=10965"}],"version-history":[{"count":2,"href":"https:\/\/www.kle-blatt.de\/blog\/wp-json\/wp\/v2\/posts\/10965\/revisions"}],"predecessor-version":[{"id":30813,"href":"https:\/\/www.kle-blatt.de\/blog\/wp-json\/wp\/v2\/posts\/10965\/revisions\/30813"}],"wp:featuredmedia":[{"embeddable":true,"href":"https:\/\/www.kle-blatt.de\/blog\/wp-json\/wp\/v2\/media\/10966"}],"wp:attachment":[{"href":"https:\/\/www.kle-blatt.de\/blog\/wp-json\/wp\/v2\/media?parent=10965"}],"wp:term":[{"taxonomy":"category","embeddable":true,"href":"https:\/\/www.kle-blatt.de\/blog\/wp-json\/wp\/v2\/categories?post=10965"},{"taxonomy":"post_tag","embeddable":true,"href":"https:\/\/www.kle-blatt.de\/blog\/wp-json\/wp\/v2\/tags?post=10965"}],"curies":[{"name":"wp","href":"https:\/\/api.w.org\/{rel}","templated":true}]}}