{"id":10993,"date":"2025-07-07T07:10:56","date_gmt":"2025-07-07T05:10:56","guid":{"rendered":"http:\/\/www.kle-blatt.de\/blog\/?p=10993"},"modified":"2025-05-13T12:02:37","modified_gmt":"2025-05-13T10:02:37","slug":"ruderboote-im-luftkurort-cleve","status":"publish","type":"post","link":"https:\/\/www.kle-blatt.de\/blog\/kleve-in-foto-video\/ruderboote-im-luftkurort-cleve.html","title":{"rendered":"Immer wieder sch\u00f6n: Ruderboote im Luftkurort Cleve"},"content":{"rendered":"<p><strong>Immer wieder sch\u00f6n: Ruderboote im Luftkurort Cleve<\/strong><\/p>\n<p>Was f\u00fcr eine gro\u00dfartige Ansichtskarte, die hier das sonnt\u00e4gliche Rudern auf dem Kermisdahl zeigt als Kleve noch ein Luftkurort war. Lang ist es her, aber der Steg auf der linken Seite &#8211; existiert der immer noch?<br \/>\nWundervoll auch der &#8222;Sonntagsstaat&#8220; bei den Damen und Herren. Da wurde vorsichtig gepaddelt, denn von der edlen Kleidung durfte nat\u00fcrlich nichts nass werden. \ud83d\ude42<\/p>\n<p><a href=\"http:\/\/www.kle-blatt.de\/blog\/wp-content\/uploads\/2014\/07\/ruderboote-kermisdahl.jpg\"><img loading=\"lazy\" decoding=\"async\" class=\"size-full wp-image-10994 aligncenter\" src=\"https:\/\/www.kle-blatt.de\/blog\/wp-content\/uploads\/2014\/07\/ruderboote-kermisdahl.jpg\" alt=\"Ruderboote im Luftkurort Cleve\" width=\"850\" height=\"527\" \/><\/a><\/p>\n","protected":false},"excerpt":{"rendered":"<p>Immer wieder sch\u00f6n: Ruderboote im Luftkurort Cleve Was f\u00fcr eine gro\u00dfartige Ansichtskarte, die hier das sonnt\u00e4gliche Rudern auf dem Kermisdahl &hellip; <a href=\"https:\/\/www.kle-blatt.de\/blog\/kleve-in-foto-video\/ruderboote-im-luftkurort-cleve.html\" class=\"more-link\"><span class=\"more-button\">Weiterlesen<span class=\"screen-reader-text\">Immer wieder sch\u00f6n: Ruderboote im Luftkurort Cleve<\/span><\/span><\/a><\/p>\n","protected":false},"author":2,"featured_media":10994,"comment_status":"closed","ping_status":"closed","sticky":false,"template":"","format":"standard","meta":{"footnotes":""},"categories":[3],"tags":[2383],"class_list":["post-10993","post","type-post","status-publish","format-standard","has-post-thumbnail","hentry","category-kleve-in-foto-video","tag-ruderboote-im-luftkurort-cleve"],"_links":{"self":[{"href":"https:\/\/www.kle-blatt.de\/blog\/wp-json\/wp\/v2\/posts\/10993","targetHints":{"allow":["GET"]}}],"collection":[{"href":"https:\/\/www.kle-blatt.de\/blog\/wp-json\/wp\/v2\/posts"}],"about":[{"href":"https:\/\/www.kle-blatt.de\/blog\/wp-json\/wp\/v2\/types\/post"}],"author":[{"embeddable":true,"href":"https:\/\/www.kle-blatt.de\/blog\/wp-json\/wp\/v2\/users\/2"}],"replies":[{"embeddable":true,"href":"https:\/\/www.kle-blatt.de\/blog\/wp-json\/wp\/v2\/comments?post=10993"}],"version-history":[{"count":2,"href":"https:\/\/www.kle-blatt.de\/blog\/wp-json\/wp\/v2\/posts\/10993\/revisions"}],"predecessor-version":[{"id":27382,"href":"https:\/\/www.kle-blatt.de\/blog\/wp-json\/wp\/v2\/posts\/10993\/revisions\/27382"}],"wp:featuredmedia":[{"embeddable":true,"href":"https:\/\/www.kle-blatt.de\/blog\/wp-json\/wp\/v2\/media\/10994"}],"wp:attachment":[{"href":"https:\/\/www.kle-blatt.de\/blog\/wp-json\/wp\/v2\/media?parent=10993"}],"wp:term":[{"taxonomy":"category","embeddable":true,"href":"https:\/\/www.kle-blatt.de\/blog\/wp-json\/wp\/v2\/categories?post=10993"},{"taxonomy":"post_tag","embeddable":true,"href":"https:\/\/www.kle-blatt.de\/blog\/wp-json\/wp\/v2\/tags?post=10993"}],"curies":[{"name":"wp","href":"https:\/\/api.w.org\/{rel}","templated":true}]}}