{"id":1113,"date":"2015-09-19T06:50:13","date_gmt":"2015-09-19T04:50:13","guid":{"rendered":"http:\/\/www.kle-blatt.de\/blog\/?p=1113"},"modified":"2015-09-01T16:25:31","modified_gmt":"2015-09-01T14:25:31","slug":"klever-friedhof","status":"publish","type":"post","link":"https:\/\/www.kle-blatt.de\/blog\/kleve-in-foto-video\/klever-friedhof.html","title":{"rendered":"Heute ist der &#8222;Tag des Friedhofs&#8220;"},"content":{"rendered":"<p><strong>Heute ist der &#8222;Tag des Friedhofs&#8220;<\/strong><\/p>\n<p>Wer sich f\u00fcr die Klever Geschichte interessiert, sollte einmal den St\u00e4dtischen Friedhof an der Merowingerstrasse besuchen.<\/p>\n<figure id=\"attachment_1114\" aria-describedby=\"caption-attachment-1114\" style=\"width: 600px\" class=\"wp-caption alignleft\"><a href=\"http:\/\/www.kle-blatt.de\/blog\/wp-content\/uploads\/2013\/02\/friedhof.jpg\"><img loading=\"lazy\" decoding=\"async\" class=\"size-full wp-image-1114\" src=\"http:\/\/www.kle-blatt.de\/blog\/wp-content\/uploads\/2013\/02\/friedhof.jpg\" alt=\"Eindrucksvolle Denkm\u00e4ler auf dem Klever Friedhoh\" width=\"600\" height=\"450\" srcset=\"https:\/\/www.kle-blatt.de\/blog\/wp-content\/uploads\/2013\/02\/friedhof.jpg 600w, https:\/\/www.kle-blatt.de\/blog\/wp-content\/uploads\/2013\/02\/friedhof-300x225.jpg 300w\" sizes=\"auto, (max-width: 600px) 100vw, 600px\" \/><\/a><figcaption id=\"caption-attachment-1114\" class=\"wp-caption-text\">Eindrucksvolle Denkm\u00e4ler auf dem Klever Friedhof<\/figcaption><\/figure>\n<p>Der Waldfriedhof ist <strong>\u00fcber 100 Jahre alt<\/strong> und die vielen Denkm\u00e4ler sind beeindruckend anzusehen.<\/p>\n<figure id=\"attachment_1115\" aria-describedby=\"caption-attachment-1115\" style=\"width: 600px\" class=\"wp-caption alignleft\"><a href=\"http:\/\/www.kle-blatt.de\/blog\/wp-content\/uploads\/2013\/02\/friedhof2.jpg\"><img loading=\"lazy\" decoding=\"async\" class=\"size-full wp-image-1115\" src=\"http:\/\/www.kle-blatt.de\/blog\/wp-content\/uploads\/2013\/02\/friedhof2.jpg\" alt=\"Denkmal\" width=\"600\" height=\"450\" srcset=\"https:\/\/www.kle-blatt.de\/blog\/wp-content\/uploads\/2013\/02\/friedhof2.jpg 600w, https:\/\/www.kle-blatt.de\/blog\/wp-content\/uploads\/2013\/02\/friedhof2-300x225.jpg 300w\" sizes=\"auto, (max-width: 600px) 100vw, 600px\" \/><\/a><figcaption id=\"caption-attachment-1115\" class=\"wp-caption-text\">Denkmal<\/figcaption><\/figure>\n<p>Der Friedhof, <strong>er\u00f6ffnet am 01. Juli 1908,<\/strong> \u00a0steht mittlerweile unter Denkmalschutz.<\/p>\n<figure id=\"attachment_1116\" aria-describedby=\"caption-attachment-1116\" style=\"width: 600px\" class=\"wp-caption alignleft\"><a href=\"http:\/\/www.kle-blatt.de\/blog\/wp-content\/uploads\/2013\/02\/pax.jpg\"><img loading=\"lazy\" decoding=\"async\" class=\"size-full wp-image-1116\" src=\"http:\/\/www.kle-blatt.de\/blog\/wp-content\/uploads\/2013\/02\/pax.jpg\" alt=\"PAX\" width=\"600\" height=\"450\" srcset=\"https:\/\/www.kle-blatt.de\/blog\/wp-content\/uploads\/2013\/02\/pax.jpg 600w, https:\/\/www.kle-blatt.de\/blog\/wp-content\/uploads\/2013\/02\/pax-300x225.jpg 300w\" sizes=\"auto, (max-width: 600px) 100vw, 600px\" \/><\/a><figcaption id=\"caption-attachment-1116\" class=\"wp-caption-text\">PAX<\/figcaption><\/figure>\n<p>Vom Klever Stadtmarketing werden regelm\u00e4\u00dfig Friedhofsf\u00fchrungen \u00a0angeboten.<\/p>\n<figure id=\"attachment_1117\" aria-describedby=\"caption-attachment-1117\" style=\"width: 600px\" class=\"wp-caption alignleft\"><a href=\"http:\/\/www.kle-blatt.de\/blog\/wp-content\/uploads\/2013\/02\/friedhof3.jpg\"><img loading=\"lazy\" decoding=\"async\" class=\"size-full wp-image-1117\" src=\"http:\/\/www.kle-blatt.de\/blog\/wp-content\/uploads\/2013\/02\/friedhof3.jpg\" alt=\"klever friedhof merowingerstrasse\" width=\"600\" height=\"450\" srcset=\"https:\/\/www.kle-blatt.de\/blog\/wp-content\/uploads\/2013\/02\/friedhof3.jpg 600w, https:\/\/www.kle-blatt.de\/blog\/wp-content\/uploads\/2013\/02\/friedhof3-300x225.jpg 300w\" sizes=\"auto, (max-width: 600px) 100vw, 600px\" \/><\/a><figcaption id=\"caption-attachment-1117\" class=\"wp-caption-text\">Denkmal auf dem Klever Waldfriedhof<\/figcaption><\/figure>\n<figure id=\"attachment_1128\" aria-describedby=\"caption-attachment-1128\" style=\"width: 600px\" class=\"wp-caption alignleft\"><a href=\"http:\/\/www.kle-blatt.de\/blog\/wp-content\/uploads\/2013\/02\/fr1.jpg\"><img loading=\"lazy\" decoding=\"async\" class=\"size-full wp-image-1128\" src=\"http:\/\/www.kle-blatt.de\/blog\/wp-content\/uploads\/2013\/02\/fr1.jpg\" alt=\"Denkmal auf dem Klever Friedhof\" width=\"600\" height=\"450\" srcset=\"https:\/\/www.kle-blatt.de\/blog\/wp-content\/uploads\/2013\/02\/fr1.jpg 600w, https:\/\/www.kle-blatt.de\/blog\/wp-content\/uploads\/2013\/02\/fr1-300x225.jpg 300w\" sizes=\"auto, (max-width: 600px) 100vw, 600px\" \/><\/a><figcaption id=\"caption-attachment-1128\" class=\"wp-caption-text\">Denkmal auf dem Klever Friedhof<\/figcaption><\/figure>\n<p><strong>Weitere Informationen zu den Friedhofsf\u00fchrungen beim Klever Stadtmarketing \u00a0<\/strong><em id=\"__mceDel\"><a href=\"http:\/\/www.kleve-tourismus.de\/stadtspaziergaenge\/stadtfuehrungen\/garten-und-friedhofsfuehrungen.html\" target=\"_blank\">http:\/\/www.kleve-tourismus.de\/stadtspaziergaenge\/stadtfuehrungen\/garten-und-friedhofsfuehrungen.html<\/a><\/em><br \/>\n(Fotos: Klaus Neumann)<\/p>\n","protected":false},"excerpt":{"rendered":"<p>Heute ist der &#8222;Tag des Friedhofs&#8220; Wer sich f\u00fcr die Klever Geschichte interessiert, sollte einmal den St\u00e4dtischen Friedhof an der &hellip; <a href=\"https:\/\/www.kle-blatt.de\/blog\/kleve-in-foto-video\/klever-friedhof.html\" class=\"more-link\"><span class=\"more-button\">Weiterlesen<span class=\"screen-reader-text\">Heute ist der &#8222;Tag des Friedhofs&#8220;<\/span><\/span><\/a><\/p>\n","protected":false},"author":2,"featured_media":0,"comment_status":"open","ping_status":"open","sticky":false,"template":"","format":"standard","meta":{"footnotes":""},"categories":[3,4],"tags":[3459,363,364],"class_list":["post-1113","post","type-post","status-publish","format-standard","hentry","category-kleve-in-foto-video","category-kultur","tag-heute-ist-der-tag-des-friedhofs","tag-kleve-waldfriedhof","tag-klever-friedhof-merowingerstrasse"],"_links":{"self":[{"href":"https:\/\/www.kle-blatt.de\/blog\/wp-json\/wp\/v2\/posts\/1113","targetHints":{"allow":["GET"]}}],"collection":[{"href":"https:\/\/www.kle-blatt.de\/blog\/wp-json\/wp\/v2\/posts"}],"about":[{"href":"https:\/\/www.kle-blatt.de\/blog\/wp-json\/wp\/v2\/types\/post"}],"author":[{"embeddable":true,"href":"https:\/\/www.kle-blatt.de\/blog\/wp-json\/wp\/v2\/users\/2"}],"replies":[{"embeddable":true,"href":"https:\/\/www.kle-blatt.de\/blog\/wp-json\/wp\/v2\/comments?post=1113"}],"version-history":[{"count":0,"href":"https:\/\/www.kle-blatt.de\/blog\/wp-json\/wp\/v2\/posts\/1113\/revisions"}],"wp:attachment":[{"href":"https:\/\/www.kle-blatt.de\/blog\/wp-json\/wp\/v2\/media?parent=1113"}],"wp:term":[{"taxonomy":"category","embeddable":true,"href":"https:\/\/www.kle-blatt.de\/blog\/wp-json\/wp\/v2\/categories?post=1113"},{"taxonomy":"post_tag","embeddable":true,"href":"https:\/\/www.kle-blatt.de\/blog\/wp-json\/wp\/v2\/tags?post=1113"}],"curies":[{"name":"wp","href":"https:\/\/api.w.org\/{rel}","templated":true}]}}