{"id":11462,"date":"2025-09-21T07:00:43","date_gmt":"2025-09-21T05:00:43","guid":{"rendered":"http:\/\/www.kle-blatt.de\/blog\/?p=11462"},"modified":"2025-07-18T11:51:53","modified_gmt":"2025-07-18T09:51:53","slug":"wiederaufbau-von-textilhaus-bergkammer","status":"publish","type":"post","link":"https:\/\/www.kle-blatt.de\/blog\/kleve-in-foto-video\/wiederaufbau-von-textilhaus-bergkammer.html","title":{"rendered":"So war es damals: Wiederaufbau von Textilhaus Bergkammer"},"content":{"rendered":"<p><strong>So war es damals: Wiederaufbau von Textilhaus Bergkammer<\/strong><\/p>\n<p>Es war zu Beginn der F\u00fcnfziger Jahre, als es in Kleve wieder aufw\u00e4rts ging. Viele Einzelhandelsgesch\u00e4fte in der Klever Innenstadt, die im Krieg vollkommen zerst\u00f6rt wurden, konnten so langsam wieder aufgebaut werden.<br \/>\nHier sehen wir den Aufbau des Textilhauses Bergkammer. Das Schild unten rechts zeigt deutlich: &#8222;Verkauf geht weiter&#8220;. Es stellt sich dem Betrachter nur noch die Frage: &#8222;Wo denn??&#8220;<\/p>\n<p><a href=\"http:\/\/www.kle-blatt.de\/blog\/wp-content\/uploads\/2014\/08\/bergkammer-7.jpg\"><img loading=\"lazy\" decoding=\"async\" class=\"size-full wp-image-11463 aligncenter\" src=\"https:\/\/www.kle-blatt.de\/blog\/wp-content\/uploads\/2014\/08\/bergkammer-7.jpg\" alt=\"So war es damals: Wiederaufbau von Textilhaus Bergkammer\" width=\"850\" height=\"572\" \/><\/a><br \/>\n(Foto: Fritz Getlinger \u2013 Kleve nach dem Krieg \u2013 mit freundlicher Genehmigung von Frau Katrin Getlinger-Wessing)<\/p>\n","protected":false},"excerpt":{"rendered":"<p>So war es damals: Wiederaufbau von Textilhaus Bergkammer Es war zu Beginn der F\u00fcnfziger Jahre, als es in Kleve wieder &hellip; <a href=\"https:\/\/www.kle-blatt.de\/blog\/kleve-in-foto-video\/wiederaufbau-von-textilhaus-bergkammer.html\" class=\"more-link\"><span class=\"more-button\">Weiterlesen<span class=\"screen-reader-text\">So war es damals: Wiederaufbau von Textilhaus Bergkammer<\/span><\/span><\/a><\/p>\n","protected":false},"author":2,"featured_media":11463,"comment_status":"closed","ping_status":"closed","sticky":false,"template":"","format":"standard","meta":{"footnotes":""},"categories":[3],"tags":[2402],"class_list":["post-11462","post","type-post","status-publish","format-standard","has-post-thumbnail","hentry","category-kleve-in-foto-video","tag-wiederaufbau-von-textilhaus-bergkammer"],"_links":{"self":[{"href":"https:\/\/www.kle-blatt.de\/blog\/wp-json\/wp\/v2\/posts\/11462","targetHints":{"allow":["GET"]}}],"collection":[{"href":"https:\/\/www.kle-blatt.de\/blog\/wp-json\/wp\/v2\/posts"}],"about":[{"href":"https:\/\/www.kle-blatt.de\/blog\/wp-json\/wp\/v2\/types\/post"}],"author":[{"embeddable":true,"href":"https:\/\/www.kle-blatt.de\/blog\/wp-json\/wp\/v2\/users\/2"}],"replies":[{"embeddable":true,"href":"https:\/\/www.kle-blatt.de\/blog\/wp-json\/wp\/v2\/comments?post=11462"}],"version-history":[{"count":2,"href":"https:\/\/www.kle-blatt.de\/blog\/wp-json\/wp\/v2\/posts\/11462\/revisions"}],"predecessor-version":[{"id":27542,"href":"https:\/\/www.kle-blatt.de\/blog\/wp-json\/wp\/v2\/posts\/11462\/revisions\/27542"}],"wp:featuredmedia":[{"embeddable":true,"href":"https:\/\/www.kle-blatt.de\/blog\/wp-json\/wp\/v2\/media\/11463"}],"wp:attachment":[{"href":"https:\/\/www.kle-blatt.de\/blog\/wp-json\/wp\/v2\/media?parent=11462"}],"wp:term":[{"taxonomy":"category","embeddable":true,"href":"https:\/\/www.kle-blatt.de\/blog\/wp-json\/wp\/v2\/categories?post=11462"},{"taxonomy":"post_tag","embeddable":true,"href":"https:\/\/www.kle-blatt.de\/blog\/wp-json\/wp\/v2\/tags?post=11462"}],"curies":[{"name":"wp","href":"https:\/\/api.w.org\/{rel}","templated":true}]}}