{"id":11465,"date":"2024-09-09T06:00:40","date_gmt":"2024-09-09T04:00:40","guid":{"rendered":"http:\/\/www.kle-blatt.de\/blog\/?p=11465"},"modified":"2024-07-22T14:19:08","modified_gmt":"2024-07-22T12:19:08","slug":"erstes-konzert-in-der-klever-stadthalle","status":"publish","type":"post","link":"https:\/\/www.kle-blatt.de\/blog\/kleve-in-foto-video\/erstes-konzert-in-der-klever-stadthalle.html","title":{"rendered":"Erstes Konzert in der Klever Stadthalle"},"content":{"rendered":"<p><strong>Erstes Konzert in der Klever Stadthalle<\/strong><\/p>\n<p>Am 12. September 1965, also heute genau vor 52 Jahren, fand das Er\u00f6ffnungskonzert in der neu errichteten Stadthalle in Kleve statt.<br \/>\nWalter Gieselers Komposition &#8222;Tragos&#8220; &#8211; ein Werk f\u00fcr Sophokleische Ges\u00e4nge f\u00fcr Sopran und Orchester &#8211; erlebte zu diesem Anlass die Urauff\u00fchrung. Der Vortrag wurde getragen von der Sopranistin Hanni Mack-Cosack, dem Siegerland Orchester und der St\u00e4dtischen Singgemeinschaft.<br \/>\nScheinbar waren die Beatles an diesem Tag verhindert. \ud83d\ude42<\/p>\n<p><a href=\"http:\/\/www.kle-blatt.de\/blog\/wp-content\/uploads\/2014\/08\/erstes-konzert-stadthalle-13.jpg\"><img loading=\"lazy\" decoding=\"async\" class=\"size-full wp-image-11466 aligncenter\" src=\"https:\/\/www.kle-blatt.de\/blog\/wp-content\/uploads\/2014\/08\/erstes-konzert-stadthalle-13.jpg\" alt=\"Erstes Konzert in der Klever Stadthalle\" width=\"850\" height=\"575\" \/><\/a><br \/>\n(Foto: Fritz Getlinger \u2013 Kleve nach dem Krieg \u2013 mit freundlicher Genehmigung von Frau Katrin Getlinger-Wessing)<\/p>\n","protected":false},"excerpt":{"rendered":"<p>Erstes Konzert in der Klever Stadthalle Am 12. September 1965, also heute genau vor 52 Jahren, fand das Er\u00f6ffnungskonzert in &hellip; <a href=\"https:\/\/www.kle-blatt.de\/blog\/kleve-in-foto-video\/erstes-konzert-in-der-klever-stadthalle.html\" class=\"more-link\"><span class=\"more-button\">Weiterlesen<span class=\"screen-reader-text\">Erstes Konzert in der Klever Stadthalle<\/span><\/span><\/a><\/p>\n","protected":false},"author":2,"featured_media":11466,"comment_status":"closed","ping_status":"closed","sticky":false,"template":"","format":"standard","meta":{"footnotes":""},"categories":[3,5279],"tags":[2403],"class_list":["post-11465","post","type-post","status-publish","format-standard","has-post-thumbnail","hentry","category-kleve-in-foto-video","category-klever-musik-und-diskoszene","tag-erstes-konzert-in-der-klever-stadthalle"],"_links":{"self":[{"href":"https:\/\/www.kle-blatt.de\/blog\/wp-json\/wp\/v2\/posts\/11465","targetHints":{"allow":["GET"]}}],"collection":[{"href":"https:\/\/www.kle-blatt.de\/blog\/wp-json\/wp\/v2\/posts"}],"about":[{"href":"https:\/\/www.kle-blatt.de\/blog\/wp-json\/wp\/v2\/types\/post"}],"author":[{"embeddable":true,"href":"https:\/\/www.kle-blatt.de\/blog\/wp-json\/wp\/v2\/users\/2"}],"replies":[{"embeddable":true,"href":"https:\/\/www.kle-blatt.de\/blog\/wp-json\/wp\/v2\/comments?post=11465"}],"version-history":[{"count":2,"href":"https:\/\/www.kle-blatt.de\/blog\/wp-json\/wp\/v2\/posts\/11465\/revisions"}],"predecessor-version":[{"id":34154,"href":"https:\/\/www.kle-blatt.de\/blog\/wp-json\/wp\/v2\/posts\/11465\/revisions\/34154"}],"wp:featuredmedia":[{"embeddable":true,"href":"https:\/\/www.kle-blatt.de\/blog\/wp-json\/wp\/v2\/media\/11466"}],"wp:attachment":[{"href":"https:\/\/www.kle-blatt.de\/blog\/wp-json\/wp\/v2\/media?parent=11465"}],"wp:term":[{"taxonomy":"category","embeddable":true,"href":"https:\/\/www.kle-blatt.de\/blog\/wp-json\/wp\/v2\/categories?post=11465"},{"taxonomy":"post_tag","embeddable":true,"href":"https:\/\/www.kle-blatt.de\/blog\/wp-json\/wp\/v2\/tags?post=11465"}],"curies":[{"name":"wp","href":"https:\/\/api.w.org\/{rel}","templated":true}]}}