{"id":11500,"date":"2020-09-02T06:10:51","date_gmt":"2020-09-02T04:10:51","guid":{"rendered":"http:\/\/www.kle-blatt.de\/blog\/?p=11500"},"modified":"2020-08-31T09:39:52","modified_gmt":"2020-08-31T07:39:52","slug":"nebel-in-den-niederungen","status":"publish","type":"post","link":"https:\/\/www.kle-blatt.de\/blog\/kleve-in-foto-video\/aus-dem-privatalbum\/nebel-in-den-niederungen.html","title":{"rendered":"Kommt wieder \u00f6fter jetzt: Nebel in den Niederungen"},"content":{"rendered":"<p><strong>Kommt wieder \u00f6fter jetzt: Nebel in den Niederungen<\/strong><\/p>\n<p>Der Niederrhein zeigt hier sein gewohntes Gesicht: B\u00e4ume, Gr\u00fcn und Nebel.<br \/>\nEin wunderbarer Streifen Bodennebel benetzt die Landschaft mit leichtem Nass und bietet einen herrlichen landschaftlichen Anblick.<\/p>\n<p><a href=\"http:\/\/www.kle-blatt.de\/blog\/wp-content\/uploads\/2014\/08\/nebelwand.jpg\"><img loading=\"lazy\" decoding=\"async\" class=\"size-full wp-image-11501 aligncenter\" src=\"https:\/\/www.kle-blatt.de\/blog\/wp-content\/uploads\/2014\/08\/nebelwand.jpg\" alt=\"Kommt wieder \u00f6fter jetzt: Nebel in den Niederungen\" width=\"850\" height=\"534\" \/><\/a><br \/>\n(Foto: Duck (Hans-Wilhelm Heek))<\/p>\n","protected":false},"excerpt":{"rendered":"<p>Kommt wieder \u00f6fter jetzt: Nebel in den Niederungen Der Niederrhein zeigt hier sein gewohntes Gesicht: B\u00e4ume, Gr\u00fcn und Nebel. Ein &hellip; <a href=\"https:\/\/www.kle-blatt.de\/blog\/kleve-in-foto-video\/aus-dem-privatalbum\/nebel-in-den-niederungen.html\" class=\"more-link\"><span class=\"more-button\">Weiterlesen<span class=\"screen-reader-text\">Kommt wieder \u00f6fter jetzt: Nebel in den Niederungen<\/span><\/span><\/a><\/p>\n","protected":false},"author":2,"featured_media":11501,"comment_status":"open","ping_status":"closed","sticky":false,"template":"","format":"standard","meta":{"footnotes":""},"categories":[20],"tags":[5357],"class_list":["post-11500","post","type-post","status-publish","format-standard","has-post-thumbnail","hentry","category-aus-dem-privatalbum","tag-kommt-wieder-oefter-jetzt-nebel-in-den-niederungen"],"_links":{"self":[{"href":"https:\/\/www.kle-blatt.de\/blog\/wp-json\/wp\/v2\/posts\/11500","targetHints":{"allow":["GET"]}}],"collection":[{"href":"https:\/\/www.kle-blatt.de\/blog\/wp-json\/wp\/v2\/posts"}],"about":[{"href":"https:\/\/www.kle-blatt.de\/blog\/wp-json\/wp\/v2\/types\/post"}],"author":[{"embeddable":true,"href":"https:\/\/www.kle-blatt.de\/blog\/wp-json\/wp\/v2\/users\/2"}],"replies":[{"embeddable":true,"href":"https:\/\/www.kle-blatt.de\/blog\/wp-json\/wp\/v2\/comments?post=11500"}],"version-history":[{"count":3,"href":"https:\/\/www.kle-blatt.de\/blog\/wp-json\/wp\/v2\/posts\/11500\/revisions"}],"predecessor-version":[{"id":27560,"href":"https:\/\/www.kle-blatt.de\/blog\/wp-json\/wp\/v2\/posts\/11500\/revisions\/27560"}],"wp:featuredmedia":[{"embeddable":true,"href":"https:\/\/www.kle-blatt.de\/blog\/wp-json\/wp\/v2\/media\/11501"}],"wp:attachment":[{"href":"https:\/\/www.kle-blatt.de\/blog\/wp-json\/wp\/v2\/media?parent=11500"}],"wp:term":[{"taxonomy":"category","embeddable":true,"href":"https:\/\/www.kle-blatt.de\/blog\/wp-json\/wp\/v2\/categories?post=11500"},{"taxonomy":"post_tag","embeddable":true,"href":"https:\/\/www.kle-blatt.de\/blog\/wp-json\/wp\/v2\/tags?post=11500"}],"curies":[{"name":"wp","href":"https:\/\/api.w.org\/{rel}","templated":true}]}}