{"id":11558,"date":"2025-09-02T07:10:30","date_gmt":"2025-09-02T05:10:30","guid":{"rendered":"http:\/\/www.kle-blatt.de\/blog\/?p=11558"},"modified":"2025-07-16T14:06:41","modified_gmt":"2025-07-16T12:06:41","slug":"der-grosse-kurfuerst-auf-dem-kleinen-markt","status":"publish","type":"post","link":"https:\/\/www.kle-blatt.de\/blog\/kleve-in-foto-video\/der-grosse-kurfuerst-auf-dem-kleinen-markt.html","title":{"rendered":"Der gro\u00dfe Kurf\u00fcrst auf dem Kleinen Markt"},"content":{"rendered":"<p><strong>Der gro\u00dfe Kurf\u00fcrst auf dem Kleinen Markt<\/strong><\/p>\n<p>Mittlerweile schaut er ja hoch zu Ross im Angesicht der Schwanenburg auf die Bev\u00f6lkerung und die Stadtg\u00e4ste. Damals stand er noch auf dem Kleinen Markt. Im Vordergrund sehen wir einige H\u00e4ndler, die gerade ihre Waren aus K\u00f6rben an den Mann bzw. die Frau bringen wollen.<br \/>\nIm Hintergrund erkennen wir die legend\u00e4re Gastwirtschaft &#8222;Zum Gro\u00dfen Kurf\u00fcrsten&#8220;, die dort lange vor dem Hohenzollerndenkmal bereits bestand. Das Haus war geradezu ein Publikumsmagnet, da es aus dem 17.Jahrhundert stammende fantastische Deckenskulpturen besa\u00df, die jeder mal gesehen haben wollte. Leider wurden das Geb\u00e4ude und auch die darin befindlichen prachtvollen Erinnerungen durch den Krieg unwiederbringlich zerst\u00f6rt.<\/p>\n<p><a href=\"http:\/\/www.kle-blatt.de\/blog\/wp-content\/uploads\/2014\/08\/der-grosse-kurfuerst1.jpg\"><img loading=\"lazy\" decoding=\"async\" class=\"size-full wp-image-11559 aligncenter\" src=\"http:\/\/www.kle-blatt.de\/blog\/wp-content\/uploads\/2014\/08\/der-grosse-kurfuerst1.jpg\" alt=\"Der gro\u00dfe Kurf\u00fcrst auf dem Kleinen Markt\" width=\"850\" height=\"1256\" \/><\/a><\/p>\n","protected":false},"excerpt":{"rendered":"<p>Der gro\u00dfe Kurf\u00fcrst auf dem Kleinen Markt Mittlerweile schaut er ja hoch zu Ross im Angesicht der Schwanenburg auf die &hellip; <a href=\"https:\/\/www.kle-blatt.de\/blog\/kleve-in-foto-video\/der-grosse-kurfuerst-auf-dem-kleinen-markt.html\" class=\"more-link\"><span class=\"more-button\">Weiterlesen<span class=\"screen-reader-text\">Der gro\u00dfe Kurf\u00fcrst auf dem Kleinen Markt<\/span><\/span><\/a><\/p>\n","protected":false},"author":2,"featured_media":11559,"comment_status":"closed","ping_status":"closed","sticky":false,"template":"","format":"standard","meta":{"footnotes":""},"categories":[3],"tags":[2428],"class_list":["post-11558","post","type-post","status-publish","format-standard","has-post-thumbnail","hentry","category-kleve-in-foto-video","tag-der-grosse-kurfuerst-auf-dem-kleinen-markt"],"_links":{"self":[{"href":"https:\/\/www.kle-blatt.de\/blog\/wp-json\/wp\/v2\/posts\/11558","targetHints":{"allow":["GET"]}}],"collection":[{"href":"https:\/\/www.kle-blatt.de\/blog\/wp-json\/wp\/v2\/posts"}],"about":[{"href":"https:\/\/www.kle-blatt.de\/blog\/wp-json\/wp\/v2\/types\/post"}],"author":[{"embeddable":true,"href":"https:\/\/www.kle-blatt.de\/blog\/wp-json\/wp\/v2\/users\/2"}],"replies":[{"embeddable":true,"href":"https:\/\/www.kle-blatt.de\/blog\/wp-json\/wp\/v2\/comments?post=11558"}],"version-history":[{"count":2,"href":"https:\/\/www.kle-blatt.de\/blog\/wp-json\/wp\/v2\/posts\/11558\/revisions"}],"predecessor-version":[{"id":35586,"href":"https:\/\/www.kle-blatt.de\/blog\/wp-json\/wp\/v2\/posts\/11558\/revisions\/35586"}],"wp:featuredmedia":[{"embeddable":true,"href":"https:\/\/www.kle-blatt.de\/blog\/wp-json\/wp\/v2\/media\/11559"}],"wp:attachment":[{"href":"https:\/\/www.kle-blatt.de\/blog\/wp-json\/wp\/v2\/media?parent=11558"}],"wp:term":[{"taxonomy":"category","embeddable":true,"href":"https:\/\/www.kle-blatt.de\/blog\/wp-json\/wp\/v2\/categories?post=11558"},{"taxonomy":"post_tag","embeddable":true,"href":"https:\/\/www.kle-blatt.de\/blog\/wp-json\/wp\/v2\/tags?post=11558"}],"curies":[{"name":"wp","href":"https:\/\/api.w.org\/{rel}","templated":true}]}}