{"id":11705,"date":"2014-09-24T07:00:46","date_gmt":"2014-09-24T05:00:46","guid":{"rendered":"http:\/\/www.kle-blatt.de\/blog\/?p=11705"},"modified":"2014-09-10T17:17:14","modified_gmt":"2014-09-10T15:17:14","slug":"das-fischjaeger-quartett-von-kleve","status":"publish","type":"post","link":"https:\/\/www.kle-blatt.de\/blog\/kleve-in-foto-video\/aus-dem-privatalbum\/das-fischjaeger-quartett-von-kleve.html","title":{"rendered":"Das Fischj\u00e4ger-Quartett von Kleve"},"content":{"rendered":"<p><strong>Das Fischj\u00e4ger-Quartett von Kleve<\/strong><\/p>\n<p>Sie stehen in den Startl\u00f6chern, die niedlichen kleinen Enten und be\u00e4ugen sich ganz vorsichtig. Wer von ihnen startet als erster zur Fischjagd? Denn oben links sieht man, wie sich ein leckerer Fisch n\u00e4hert.<\/p>\n<p>Essen die \u00fcberhaupt Fische? \ud83d\ude09<\/p>\n<p><a href=\"http:\/\/www.kle-blatt.de\/blog\/wp-content\/uploads\/2014\/09\/auf-die-pl\u00e4tze.jpg\"><img loading=\"lazy\" decoding=\"async\" class=\"alignleft size-full wp-image-11706\" src=\"http:\/\/www.kle-blatt.de\/blog\/wp-content\/uploads\/2014\/09\/auf-die-pl\u00e4tze.jpg\" alt=\"auf die pl\u00e4tze\" width=\"649\" height=\"365\" srcset=\"https:\/\/www.kle-blatt.de\/blog\/wp-content\/uploads\/2014\/09\/auf-die-pl\u00e4tze.jpg 649w, https:\/\/www.kle-blatt.de\/blog\/wp-content\/uploads\/2014\/09\/auf-die-pl\u00e4tze-300x168.jpg 300w\" sizes=\"auto, (max-width: 649px) 100vw, 649px\" \/><\/a><br \/>\n(Foto: Birgit Merfeld)<\/p>\n","protected":false},"excerpt":{"rendered":"<p>Das Fischj\u00e4ger-Quartett von Kleve Sie stehen in den Startl\u00f6chern, die niedlichen kleinen Enten und be\u00e4ugen sich ganz vorsichtig. Wer von &hellip; <a href=\"https:\/\/www.kle-blatt.de\/blog\/kleve-in-foto-video\/aus-dem-privatalbum\/das-fischjaeger-quartett-von-kleve.html\" class=\"more-link\"><span class=\"more-button\">Weiterlesen<span class=\"screen-reader-text\">Das Fischj\u00e4ger-Quartett von Kleve<\/span><\/span><\/a><\/p>\n","protected":false},"author":2,"featured_media":0,"comment_status":"open","ping_status":"closed","sticky":false,"template":"","format":"standard","meta":{"footnotes":""},"categories":[20],"tags":[2461],"class_list":["post-11705","post","type-post","status-publish","format-standard","hentry","category-aus-dem-privatalbum","tag-das-fischjaeger-quartett-von-kleve"],"_links":{"self":[{"href":"https:\/\/www.kle-blatt.de\/blog\/wp-json\/wp\/v2\/posts\/11705","targetHints":{"allow":["GET"]}}],"collection":[{"href":"https:\/\/www.kle-blatt.de\/blog\/wp-json\/wp\/v2\/posts"}],"about":[{"href":"https:\/\/www.kle-blatt.de\/blog\/wp-json\/wp\/v2\/types\/post"}],"author":[{"embeddable":true,"href":"https:\/\/www.kle-blatt.de\/blog\/wp-json\/wp\/v2\/users\/2"}],"replies":[{"embeddable":true,"href":"https:\/\/www.kle-blatt.de\/blog\/wp-json\/wp\/v2\/comments?post=11705"}],"version-history":[{"count":0,"href":"https:\/\/www.kle-blatt.de\/blog\/wp-json\/wp\/v2\/posts\/11705\/revisions"}],"wp:attachment":[{"href":"https:\/\/www.kle-blatt.de\/blog\/wp-json\/wp\/v2\/media?parent=11705"}],"wp:term":[{"taxonomy":"category","embeddable":true,"href":"https:\/\/www.kle-blatt.de\/blog\/wp-json\/wp\/v2\/categories?post=11705"},{"taxonomy":"post_tag","embeddable":true,"href":"https:\/\/www.kle-blatt.de\/blog\/wp-json\/wp\/v2\/tags?post=11705"}],"curies":[{"name":"wp","href":"https:\/\/api.w.org\/{rel}","templated":true}]}}