{"id":11711,"date":"2023-08-12T06:10:18","date_gmt":"2023-08-12T04:10:18","guid":{"rendered":"http:\/\/www.kle-blatt.de\/blog\/?p=11711"},"modified":"2023-07-16T11:10:19","modified_gmt":"2023-07-16T09:10:19","slug":"kleve-die-verlassene-stadt","status":"publish","type":"post","link":"https:\/\/www.kle-blatt.de\/blog\/kleve-in-foto-video\/kleve-die-verlassene-stadt.html","title":{"rendered":"Kleve &#8211; die verlassene Stadt"},"content":{"rendered":"<p><strong>Kleve &#8211; die verlassene Stadt<\/strong><\/p>\n<p>Unwirklich. Fast wie eine Szene aus einem Endzeitfilm sehen wir hier die verlassene komplett leere Gro\u00dfe Stra\u00dfe in Kleve. Kein Fu\u00dfg\u00e4nger, kein Fahrzeug, nicht mal ein einsamer Hund lassen sich hier noch blicken. Schwere dunkle Wolken h\u00e4ngen fast weissagend \u00fcber diese deprimierend sch\u00f6ne Szenerie.<br \/>\nHoffen wir, das der im Hintergrund erhellende &#8222;Augenblick&#8220; sich Bahn verschafft und man die Innenstadt wieder etwas freundlicher sehen kann.<\/p>\n<p><a href=\"http:\/\/www.kle-blatt.de\/blog\/wp-content\/uploads\/2014\/09\/gro\u00dfe-stra\u00dfe.jpg\"><img loading=\"lazy\" decoding=\"async\" class=\"size-full wp-image-11712 aligncenter\" src=\"https:\/\/www.kle-blatt.de\/blog\/wp-content\/uploads\/2014\/09\/gro\u00dfe-stra\u00dfe.jpg\" alt=\"Kleve - die verlassene Stadt\" width=\"850\" height=\"628\" \/><\/a><br \/>\n(Foto: Christian Flock)<\/p>\n","protected":false},"excerpt":{"rendered":"<p>Kleve &#8211; die verlassene Stadt Unwirklich. Fast wie eine Szene aus einem Endzeitfilm sehen wir hier die verlassene komplett leere &hellip; <a href=\"https:\/\/www.kle-blatt.de\/blog\/kleve-in-foto-video\/kleve-die-verlassene-stadt.html\" class=\"more-link\"><span class=\"more-button\">Weiterlesen<span class=\"screen-reader-text\">Kleve &#8211; die verlassene Stadt<\/span><\/span><\/a><\/p>\n","protected":false},"author":2,"featured_media":11712,"comment_status":"open","ping_status":"closed","sticky":false,"template":"","format":"standard","meta":{"footnotes":""},"categories":[20,3],"tags":[2463],"class_list":["post-11711","post","type-post","status-publish","format-standard","has-post-thumbnail","hentry","category-aus-dem-privatalbum","category-kleve-in-foto-video","tag-kleve-die-verlassene-stadt"],"_links":{"self":[{"href":"https:\/\/www.kle-blatt.de\/blog\/wp-json\/wp\/v2\/posts\/11711","targetHints":{"allow":["GET"]}}],"collection":[{"href":"https:\/\/www.kle-blatt.de\/blog\/wp-json\/wp\/v2\/posts"}],"about":[{"href":"https:\/\/www.kle-blatt.de\/blog\/wp-json\/wp\/v2\/types\/post"}],"author":[{"embeddable":true,"href":"https:\/\/www.kle-blatt.de\/blog\/wp-json\/wp\/v2\/users\/2"}],"replies":[{"embeddable":true,"href":"https:\/\/www.kle-blatt.de\/blog\/wp-json\/wp\/v2\/comments?post=11711"}],"version-history":[{"count":2,"href":"https:\/\/www.kle-blatt.de\/blog\/wp-json\/wp\/v2\/posts\/11711\/revisions"}],"predecessor-version":[{"id":32433,"href":"https:\/\/www.kle-blatt.de\/blog\/wp-json\/wp\/v2\/posts\/11711\/revisions\/32433"}],"wp:featuredmedia":[{"embeddable":true,"href":"https:\/\/www.kle-blatt.de\/blog\/wp-json\/wp\/v2\/media\/11712"}],"wp:attachment":[{"href":"https:\/\/www.kle-blatt.de\/blog\/wp-json\/wp\/v2\/media?parent=11711"}],"wp:term":[{"taxonomy":"category","embeddable":true,"href":"https:\/\/www.kle-blatt.de\/blog\/wp-json\/wp\/v2\/categories?post=11711"},{"taxonomy":"post_tag","embeddable":true,"href":"https:\/\/www.kle-blatt.de\/blog\/wp-json\/wp\/v2\/tags?post=11711"}],"curies":[{"name":"wp","href":"https:\/\/api.w.org\/{rel}","templated":true}]}}