{"id":11942,"date":"2024-10-30T06:00:40","date_gmt":"2024-10-30T04:00:40","guid":{"rendered":"http:\/\/www.kle-blatt.de\/blog\/?p=11942"},"modified":"2024-08-22T12:12:40","modified_gmt":"2024-08-22T10:12:40","slug":"kleve-im-jahre-1965","status":"publish","type":"post","link":"https:\/\/www.kle-blatt.de\/blog\/kleve-in-foto-video\/kleve-im-jahre-1965.html","title":{"rendered":"Kanntest Du Kleve im Jahre 1965?"},"content":{"rendered":"<p><strong>Kanntest Du Kleve im Jahre 1965?<\/strong><\/p>\n<p>Auf dieser Bildkarte sieht man das Kleve des Jahres 1965. In voller Pracht die Minerva &#8211; hier Pallas Athene genannt, was nicht falsch ist -, die Schwanenburg im alten Gewand vor 55 Jahren mit dem Schwanenbrunnen im Innenhof. Links unten k\u00f6nnen wir noch eine wundervoll freie Sicht auf den Stadteingang genie\u00dfen. Das Spuckm\u00e4nneken steht noch verh\u00e4ltnism\u00e4\u00dfig alleine dort, die Wasserspiele zeigen sich in voller Pracht und das Spoyufer war noch wirklich ein Ufer. Weiter sehen wir einen prachtvoll geordneten Moritzpark und auf den Kermisdahl nahe Bootshaus Scho unterhalb der Schwanenburg.<br \/>\nDas waren noch Zeiten! Sagen diejenigen, die es noch erleben durften. \ud83d\ude42<\/p>\n<p><a href=\"http:\/\/www.kle-blatt.de\/blog\/wp-content\/uploads\/2014\/09\/0-ak-kleve-1965.jpg\"><img loading=\"lazy\" decoding=\"async\" class=\"size-full wp-image-11943 aligncenter\" src=\"https:\/\/www.kle-blatt.de\/blog\/wp-content\/uploads\/2014\/09\/0-ak-kleve-1965.jpg\" alt=\"Kanntest Du Kleve im Jahre 1965?\" width=\"850\" height=\"544\" \/><\/a><\/p>\n","protected":false},"excerpt":{"rendered":"<p>Kanntest Du Kleve im Jahre 1965? Auf dieser Bildkarte sieht man das Kleve des Jahres 1965. In voller Pracht die &hellip; <a href=\"https:\/\/www.kle-blatt.de\/blog\/kleve-in-foto-video\/kleve-im-jahre-1965.html\" class=\"more-link\"><span class=\"more-button\">Weiterlesen<span class=\"screen-reader-text\">Kanntest Du Kleve im Jahre 1965?<\/span><\/span><\/a><\/p>\n","protected":false},"author":2,"featured_media":11943,"comment_status":"closed","ping_status":"closed","sticky":false,"template":"","format":"standard","meta":{"footnotes":""},"categories":[3],"tags":[2484],"class_list":["post-11942","post","type-post","status-publish","format-standard","has-post-thumbnail","hentry","category-kleve-in-foto-video","tag-kleve-im-jahre-1965"],"_links":{"self":[{"href":"https:\/\/www.kle-blatt.de\/blog\/wp-json\/wp\/v2\/posts\/11942","targetHints":{"allow":["GET"]}}],"collection":[{"href":"https:\/\/www.kle-blatt.de\/blog\/wp-json\/wp\/v2\/posts"}],"about":[{"href":"https:\/\/www.kle-blatt.de\/blog\/wp-json\/wp\/v2\/types\/post"}],"author":[{"embeddable":true,"href":"https:\/\/www.kle-blatt.de\/blog\/wp-json\/wp\/v2\/users\/2"}],"replies":[{"embeddable":true,"href":"https:\/\/www.kle-blatt.de\/blog\/wp-json\/wp\/v2\/comments?post=11942"}],"version-history":[{"count":3,"href":"https:\/\/www.kle-blatt.de\/blog\/wp-json\/wp\/v2\/posts\/11942\/revisions"}],"predecessor-version":[{"id":27605,"href":"https:\/\/www.kle-blatt.de\/blog\/wp-json\/wp\/v2\/posts\/11942\/revisions\/27605"}],"wp:featuredmedia":[{"embeddable":true,"href":"https:\/\/www.kle-blatt.de\/blog\/wp-json\/wp\/v2\/media\/11943"}],"wp:attachment":[{"href":"https:\/\/www.kle-blatt.de\/blog\/wp-json\/wp\/v2\/media?parent=11942"}],"wp:term":[{"taxonomy":"category","embeddable":true,"href":"https:\/\/www.kle-blatt.de\/blog\/wp-json\/wp\/v2\/categories?post=11942"},{"taxonomy":"post_tag","embeddable":true,"href":"https:\/\/www.kle-blatt.de\/blog\/wp-json\/wp\/v2\/tags?post=11942"}],"curies":[{"name":"wp","href":"https:\/\/api.w.org\/{rel}","templated":true}]}}