{"id":1208,"date":"2024-02-02T07:10:47","date_gmt":"2024-02-02T05:10:47","guid":{"rendered":"http:\/\/www.kle-blatt.de\/blog\/?p=1208"},"modified":"2024-01-03T12:15:18","modified_gmt":"2024-01-03T10:15:18","slug":"schuhfabrik-gustav-hoffmann-kleve","status":"publish","type":"post","link":"https:\/\/www.kle-blatt.de\/blog\/kleve-in-foto-video\/schuhfabrik-gustav-hoffmann-kleve.html","title":{"rendered":"Schuhfabrik Gustav Hoffmann Kleve"},"content":{"rendered":"<p><strong>Schuhfabrik Gustav Hoffmann Kleve<\/strong><\/p>\n<p>Am vor dem Geb\u00e4ude parkenden Auto kann man ermessen, aus welcher Zeit dieses Bild stammt.<br \/>\nViele Jahrzehnte war die Schuhfabrik Gustav Hoffmann eines der Aush\u00e4ngeschilder der wachsenden Stadt Kleve.<br \/>\nAngesichts des Todestages von Gustav Hoffmann, einem der gr\u00f6\u00dften S\u00f6hne der Stadt, heute vor 89\u00a0Jahren, zeigen wir dieses Bild.<\/p>\n<p><a href=\"http:\/\/www.kle-blatt.de\/blog\/wp-content\/uploads\/2013\/02\/hoffmann-klein.jpg\"><img loading=\"lazy\" decoding=\"async\" class=\"size-full wp-image-1209 aligncenter\" src=\"https:\/\/www.kle-blatt.de\/blog\/wp-content\/uploads\/2013\/02\/hoffmann-klein.jpg\" alt=\"Schuhfabrik Gustav Hoffmann Kleve\" width=\"850\" height=\"570\" \/><\/a><\/p>\n","protected":false},"excerpt":{"rendered":"<p>Schuhfabrik Gustav Hoffmann Kleve Am vor dem Geb\u00e4ude parkenden Auto kann man ermessen, aus welcher Zeit dieses Bild stammt. Viele &hellip; <a href=\"https:\/\/www.kle-blatt.de\/blog\/kleve-in-foto-video\/schuhfabrik-gustav-hoffmann-kleve.html\" class=\"more-link\"><span class=\"more-button\">Weiterlesen<span class=\"screen-reader-text\">Schuhfabrik Gustav Hoffmann Kleve<\/span><\/span><\/a><\/p>\n","protected":false},"author":2,"featured_media":1209,"comment_status":"closed","ping_status":"closed","sticky":false,"template":"","format":"standard","meta":{"footnotes":""},"categories":[3],"tags":[387],"class_list":["post-1208","post","type-post","status-publish","format-standard","has-post-thumbnail","hentry","category-kleve-in-foto-video","tag-schuhfabrik-gustav-hoffmann-kleve"],"_links":{"self":[{"href":"https:\/\/www.kle-blatt.de\/blog\/wp-json\/wp\/v2\/posts\/1208","targetHints":{"allow":["GET"]}}],"collection":[{"href":"https:\/\/www.kle-blatt.de\/blog\/wp-json\/wp\/v2\/posts"}],"about":[{"href":"https:\/\/www.kle-blatt.de\/blog\/wp-json\/wp\/v2\/types\/post"}],"author":[{"embeddable":true,"href":"https:\/\/www.kle-blatt.de\/blog\/wp-json\/wp\/v2\/users\/2"}],"replies":[{"embeddable":true,"href":"https:\/\/www.kle-blatt.de\/blog\/wp-json\/wp\/v2\/comments?post=1208"}],"version-history":[{"count":2,"href":"https:\/\/www.kle-blatt.de\/blog\/wp-json\/wp\/v2\/posts\/1208\/revisions"}],"predecessor-version":[{"id":33141,"href":"https:\/\/www.kle-blatt.de\/blog\/wp-json\/wp\/v2\/posts\/1208\/revisions\/33141"}],"wp:featuredmedia":[{"embeddable":true,"href":"https:\/\/www.kle-blatt.de\/blog\/wp-json\/wp\/v2\/media\/1209"}],"wp:attachment":[{"href":"https:\/\/www.kle-blatt.de\/blog\/wp-json\/wp\/v2\/media?parent=1208"}],"wp:term":[{"taxonomy":"category","embeddable":true,"href":"https:\/\/www.kle-blatt.de\/blog\/wp-json\/wp\/v2\/categories?post=1208"},{"taxonomy":"post_tag","embeddable":true,"href":"https:\/\/www.kle-blatt.de\/blog\/wp-json\/wp\/v2\/tags?post=1208"}],"curies":[{"name":"wp","href":"https:\/\/api.w.org\/{rel}","templated":true}]}}