{"id":12294,"date":"2022-11-24T06:00:40","date_gmt":"2022-11-24T04:00:40","guid":{"rendered":"http:\/\/www.kle-blatt.de\/blog\/?p=12294"},"modified":"2022-10-20T11:32:08","modified_gmt":"2022-10-20T09:32:08","slug":"villen-an-der-gruft-in-kleve","status":"publish","type":"post","link":"https:\/\/www.kle-blatt.de\/blog\/kleve-in-foto-video\/villen-an-der-gruft-in-kleve.html","title":{"rendered":"Gewusst? Villen an der Gruft in Kleve"},"content":{"rendered":"<p><strong>Gewusst? Villen an der Gruft in Kleve<\/strong><\/p>\n<p>Ob sich der Anblick damals wie auf dieser Zeichnung zu sehen ist, darstellte, ist nicht \u00fcberliefert.<br \/>\nWir sehen hier die Villa Nova auf der Tiergartenstra\u00dfe &#8211; Eingang Gruftstra\u00dfe im Mittelpunkt. Oben links scheint die Teurlingsche M\u00fchle oder auch &#8222;Gro\u00dfe M\u00fchle&#8220; noch ins Bild zu r\u00fccken. Einige Wasserspiele sind zu sehen, aber bemerkenswert die Treppen, die zu den beiden Villen f\u00fchren und seitlich angebracht zu sein scheinen.<\/p>\n<p><a href=\"http:\/\/www.kle-blatt.de\/blog\/wp-content\/uploads\/2014\/10\/villa-nova-129.jpg\"><img loading=\"lazy\" decoding=\"async\" class=\"size-full wp-image-12295 aligncenter\" src=\"https:\/\/www.kle-blatt.de\/blog\/wp-content\/uploads\/2014\/10\/villa-nova-129.jpg\" alt=\"Villen an der Gruft in Kleve\" width=\"849\" height=\"521\" \/><\/a><\/p>\n","protected":false},"excerpt":{"rendered":"<p>Gewusst? Villen an der Gruft in Kleve Ob sich der Anblick damals wie auf dieser Zeichnung zu sehen ist, darstellte, &hellip; <a href=\"https:\/\/www.kle-blatt.de\/blog\/kleve-in-foto-video\/villen-an-der-gruft-in-kleve.html\" class=\"more-link\"><span class=\"more-button\">Weiterlesen<span class=\"screen-reader-text\">Gewusst? Villen an der Gruft in Kleve<\/span><\/span><\/a><\/p>\n","protected":false},"author":2,"featured_media":12295,"comment_status":"open","ping_status":"closed","sticky":false,"template":"","format":"standard","meta":{"footnotes":""},"categories":[3],"tags":[2543],"class_list":["post-12294","post","type-post","status-publish","format-standard","has-post-thumbnail","hentry","category-kleve-in-foto-video","tag-villen-an-der-gruft-in-kleve"],"_links":{"self":[{"href":"https:\/\/www.kle-blatt.de\/blog\/wp-json\/wp\/v2\/posts\/12294","targetHints":{"allow":["GET"]}}],"collection":[{"href":"https:\/\/www.kle-blatt.de\/blog\/wp-json\/wp\/v2\/posts"}],"about":[{"href":"https:\/\/www.kle-blatt.de\/blog\/wp-json\/wp\/v2\/types\/post"}],"author":[{"embeddable":true,"href":"https:\/\/www.kle-blatt.de\/blog\/wp-json\/wp\/v2\/users\/2"}],"replies":[{"embeddable":true,"href":"https:\/\/www.kle-blatt.de\/blog\/wp-json\/wp\/v2\/comments?post=12294"}],"version-history":[{"count":2,"href":"https:\/\/www.kle-blatt.de\/blog\/wp-json\/wp\/v2\/posts\/12294\/revisions"}],"predecessor-version":[{"id":31175,"href":"https:\/\/www.kle-blatt.de\/blog\/wp-json\/wp\/v2\/posts\/12294\/revisions\/31175"}],"wp:featuredmedia":[{"embeddable":true,"href":"https:\/\/www.kle-blatt.de\/blog\/wp-json\/wp\/v2\/media\/12295"}],"wp:attachment":[{"href":"https:\/\/www.kle-blatt.de\/blog\/wp-json\/wp\/v2\/media?parent=12294"}],"wp:term":[{"taxonomy":"category","embeddable":true,"href":"https:\/\/www.kle-blatt.de\/blog\/wp-json\/wp\/v2\/categories?post=12294"},{"taxonomy":"post_tag","embeddable":true,"href":"https:\/\/www.kle-blatt.de\/blog\/wp-json\/wp\/v2\/tags?post=12294"}],"curies":[{"name":"wp","href":"https:\/\/api.w.org\/{rel}","templated":true}]}}