{"id":12323,"date":"2022-11-27T06:10:55","date_gmt":"2022-11-27T04:10:55","guid":{"rendered":"http:\/\/www.kle-blatt.de\/blog\/?p=12323"},"modified":"2022-10-21T11:11:18","modified_gmt":"2022-10-21T09:11:18","slug":"die-klever-landwirtschaftsschule","status":"publish","type":"post","link":"https:\/\/www.kle-blatt.de\/blog\/kleve-in-foto-video\/die-klever-landwirtschaftsschule.html","title":{"rendered":"Dort auch gelernt? Die Klever Landwirtschaftsschule"},"content":{"rendered":"<p><strong>Dort auch gelernt? Die Klever Landwirtschaftsschule<\/strong><\/p>\n<p>Heute befindet sich in dem bekannten Geb\u00e4ude auf der Hoffmannallee die st\u00e4dtische Realschule. Damals wurden hier aber vorwiegend Sch\u00fcler f\u00fcr den landwirtschaftlichen Beruf ausgebildet. Einige von diesen &#8222;Z\u00f6glingen&#8220;, wie man die Lernenden zu bezeichnen pflegte, l\u00fcmmeln sich gerade vor dem Geb\u00e4ude, um sich auf Platte bannen zu lassen. \ud83d\ude42<\/p>\n<p><a href=\"http:\/\/www.kle-blatt.de\/blog\/wp-content\/uploads\/2014\/10\/landwirtschaftsschule-realschule1-42.jpg\"><img loading=\"lazy\" decoding=\"async\" class=\"size-full wp-image-12324 aligncenter\" src=\"https:\/\/www.kle-blatt.de\/blog\/wp-content\/uploads\/2014\/10\/landwirtschaftsschule-realschule1-42.jpg\" alt=\"Dort auch gelernt? Die Klever Landwirtschaftsschule\" width=\"850\" height=\"523\" \/><\/a><br \/>\n(Mit freundlicher Genehmigung von Klaus Radermacher aus seinem Buch &#8222;Bad Cleve in Photographien um die Jahrhundertwende&#8220;)<\/p>\n","protected":false},"excerpt":{"rendered":"<p>Dort auch gelernt? Die Klever Landwirtschaftsschule Heute befindet sich in dem bekannten Geb\u00e4ude auf der Hoffmannallee die st\u00e4dtische Realschule. Damals &hellip; <a href=\"https:\/\/www.kle-blatt.de\/blog\/kleve-in-foto-video\/die-klever-landwirtschaftsschule.html\" class=\"more-link\"><span class=\"more-button\">Weiterlesen<span class=\"screen-reader-text\">Dort auch gelernt? Die Klever Landwirtschaftsschule<\/span><\/span><\/a><\/p>\n","protected":false},"author":2,"featured_media":12324,"comment_status":"open","ping_status":"closed","sticky":false,"template":"","format":"standard","meta":{"footnotes":""},"categories":[3],"tags":[2552],"class_list":["post-12323","post","type-post","status-publish","format-standard","has-post-thumbnail","hentry","category-kleve-in-foto-video","tag-die-klever-landwirtschaftsschule"],"_links":{"self":[{"href":"https:\/\/www.kle-blatt.de\/blog\/wp-json\/wp\/v2\/posts\/12323","targetHints":{"allow":["GET"]}}],"collection":[{"href":"https:\/\/www.kle-blatt.de\/blog\/wp-json\/wp\/v2\/posts"}],"about":[{"href":"https:\/\/www.kle-blatt.de\/blog\/wp-json\/wp\/v2\/types\/post"}],"author":[{"embeddable":true,"href":"https:\/\/www.kle-blatt.de\/blog\/wp-json\/wp\/v2\/users\/2"}],"replies":[{"embeddable":true,"href":"https:\/\/www.kle-blatt.de\/blog\/wp-json\/wp\/v2\/comments?post=12323"}],"version-history":[{"count":2,"href":"https:\/\/www.kle-blatt.de\/blog\/wp-json\/wp\/v2\/posts\/12323\/revisions"}],"predecessor-version":[{"id":31181,"href":"https:\/\/www.kle-blatt.de\/blog\/wp-json\/wp\/v2\/posts\/12323\/revisions\/31181"}],"wp:featuredmedia":[{"embeddable":true,"href":"https:\/\/www.kle-blatt.de\/blog\/wp-json\/wp\/v2\/media\/12324"}],"wp:attachment":[{"href":"https:\/\/www.kle-blatt.de\/blog\/wp-json\/wp\/v2\/media?parent=12323"}],"wp:term":[{"taxonomy":"category","embeddable":true,"href":"https:\/\/www.kle-blatt.de\/blog\/wp-json\/wp\/v2\/categories?post=12323"},{"taxonomy":"post_tag","embeddable":true,"href":"https:\/\/www.kle-blatt.de\/blog\/wp-json\/wp\/v2\/tags?post=12323"}],"curies":[{"name":"wp","href":"https:\/\/api.w.org\/{rel}","templated":true}]}}