{"id":12429,"date":"2024-10-28T06:20:13","date_gmt":"2024-10-28T04:20:13","guid":{"rendered":"http:\/\/www.kle-blatt.de\/blog\/?p=12429"},"modified":"2024-08-22T11:44:07","modified_gmt":"2024-08-22T09:44:07","slug":"die-gruft-an-der-tiergartenstrasse-in-kleve","status":"publish","type":"post","link":"https:\/\/www.kle-blatt.de\/blog\/kleve-in-foto-video\/aus-dem-privatalbum\/die-gruft-an-der-tiergartenstrasse-in-kleve.html","title":{"rendered":"Die Gruft an der Tiergartenstra\u00dfe in Kleve"},"content":{"rendered":"<p><strong>Die Gruft an der Tiergartenstra\u00dfe in Kleve<\/strong><\/p>\n<p>Mit der Gruft ist nat\u00fcrlich die Klever Gruftstra\u00dfe gemeint, wie man hier eindrucksvoll sehen kann. Eine spektakul\u00e4re Aufnahme dieser Kreuzung, die eine der Lebensadern von Kleve ist. Was passiert, wenn die in der N\u00e4he befindliche Br\u00fccke abgerissen werden muss? Das k\u00f6nnte viele Gesch\u00e4ftsleute auf der Tiergartenstra\u00dfe und im weiteren Verlauf auch der Kavarinerstra\u00dfe ziemlich treffen.<\/p>\n<p><a href=\"http:\/\/www.kle-blatt.de\/blog\/wp-content\/uploads\/2014\/10\/gruft-tiergartenstra\u00dfe.jpg\"><img loading=\"lazy\" decoding=\"async\" class=\"size-full wp-image-12430 aligncenter\" src=\"https:\/\/www.kle-blatt.de\/blog\/wp-content\/uploads\/2014\/10\/gruft-tiergartenstra\u00dfe.jpg\" alt=\"Die Gruft an der Tiergartenstra\u00dfe in Kleve\" width=\"850\" height=\"588\" \/><\/a><br \/>\n(Foto: Christian Flock)<\/p>\n","protected":false},"excerpt":{"rendered":"<p>Die Gruft an der Tiergartenstra\u00dfe in Kleve Mit der Gruft ist nat\u00fcrlich die Klever Gruftstra\u00dfe gemeint, wie man hier eindrucksvoll &hellip; <a href=\"https:\/\/www.kle-blatt.de\/blog\/kleve-in-foto-video\/aus-dem-privatalbum\/die-gruft-an-der-tiergartenstrasse-in-kleve.html\" class=\"more-link\"><span class=\"more-button\">Weiterlesen<span class=\"screen-reader-text\">Die Gruft an der Tiergartenstra\u00dfe in Kleve<\/span><\/span><\/a><\/p>\n","protected":false},"author":2,"featured_media":12430,"comment_status":"closed","ping_status":"closed","sticky":false,"template":"","format":"standard","meta":{"footnotes":""},"categories":[20,3],"tags":[2581],"class_list":["post-12429","post","type-post","status-publish","format-standard","has-post-thumbnail","hentry","category-aus-dem-privatalbum","category-kleve-in-foto-video","tag-die-gruft-an-der-tiergartenstrasse-in-kleve"],"_links":{"self":[{"href":"https:\/\/www.kle-blatt.de\/blog\/wp-json\/wp\/v2\/posts\/12429","targetHints":{"allow":["GET"]}}],"collection":[{"href":"https:\/\/www.kle-blatt.de\/blog\/wp-json\/wp\/v2\/posts"}],"about":[{"href":"https:\/\/www.kle-blatt.de\/blog\/wp-json\/wp\/v2\/types\/post"}],"author":[{"embeddable":true,"href":"https:\/\/www.kle-blatt.de\/blog\/wp-json\/wp\/v2\/users\/2"}],"replies":[{"embeddable":true,"href":"https:\/\/www.kle-blatt.de\/blog\/wp-json\/wp\/v2\/comments?post=12429"}],"version-history":[{"count":1,"href":"https:\/\/www.kle-blatt.de\/blog\/wp-json\/wp\/v2\/posts\/12429\/revisions"}],"predecessor-version":[{"id":34328,"href":"https:\/\/www.kle-blatt.de\/blog\/wp-json\/wp\/v2\/posts\/12429\/revisions\/34328"}],"wp:featuredmedia":[{"embeddable":true,"href":"https:\/\/www.kle-blatt.de\/blog\/wp-json\/wp\/v2\/media\/12430"}],"wp:attachment":[{"href":"https:\/\/www.kle-blatt.de\/blog\/wp-json\/wp\/v2\/media?parent=12429"}],"wp:term":[{"taxonomy":"category","embeddable":true,"href":"https:\/\/www.kle-blatt.de\/blog\/wp-json\/wp\/v2\/categories?post=12429"},{"taxonomy":"post_tag","embeddable":true,"href":"https:\/\/www.kle-blatt.de\/blog\/wp-json\/wp\/v2\/tags?post=12429"}],"curies":[{"name":"wp","href":"https:\/\/api.w.org\/{rel}","templated":true}]}}