{"id":12560,"date":"2024-12-02T07:00:18","date_gmt":"2024-12-02T05:00:18","guid":{"rendered":"http:\/\/www.kle-blatt.de\/blog\/?p=12560"},"modified":"2024-11-04T11:39:38","modified_gmt":"2024-11-04T09:39:38","slug":"whos-bad-kleve-natuerlich-bad-cleve","status":"publish","type":"post","link":"https:\/\/www.kle-blatt.de\/blog\/kleve-in-foto-video\/whos-bad-kleve-natuerlich-bad-cleve.html","title":{"rendered":"Who&#8217;s Bad? &#8211; Kleve nat\u00fcrlich! Bad Cleve!"},"content":{"rendered":"<p><strong>Who&#8217;s Bad? &#8211; Kleve nat\u00fcrlich! Bad Cleve!<\/strong><\/p>\n<p>Als Beispiel f\u00fcr die damalige gro\u00dfartige B\u00e4derstadt hier ein pr\u00e4chtiges Bild von der Tiergartenallee (jetzt Tiergartenstra\u00dfe) in H\u00f6he Villa Nova. Selbstverst\u00e4ndlich gab es noch keinen Autoverkehr und die Allee bot reichlich Platz, um spazieren zu gehen. In etwa kann man ermessen, wie wundervoll ein Bummel vorbei an den stolzen Villen gewesen sein muss.<br \/>\nAlso alles andere als bad &#8211; was im Englischen f\u00fcr &#8222;schlecht&#8220; steht.<\/p>\n<p><a href=\"http:\/\/www.kle-blatt.de\/blog\/wp-content\/uploads\/2014\/11\/tiergartenallee1-102.jpg\"><img loading=\"lazy\" decoding=\"async\" class=\"size-full wp-image-12561 aligncenter\" src=\"https:\/\/www.kle-blatt.de\/blog\/wp-content\/uploads\/2014\/11\/tiergartenallee1-102.jpg\" alt=\"Who's Bad - Kleve nat\u00fcrlich Bad Cleve\" width=\"849\" height=\"503\" \/><\/a><br \/>\n(Mit freundlicher Genehmigung von Klaus Radermacher aus seinem Buch &#8222;Bad Cleve in Photographien um die Jahrhundertwende&#8220;)<\/p>\n","protected":false},"excerpt":{"rendered":"<p>Who&#8217;s Bad? &#8211; Kleve nat\u00fcrlich! Bad Cleve! Als Beispiel f\u00fcr die damalige gro\u00dfartige B\u00e4derstadt hier ein pr\u00e4chtiges Bild von der &hellip; <a href=\"https:\/\/www.kle-blatt.de\/blog\/kleve-in-foto-video\/whos-bad-kleve-natuerlich-bad-cleve.html\" class=\"more-link\"><span class=\"more-button\">Weiterlesen<span class=\"screen-reader-text\">Who&#8217;s Bad? &#8211; Kleve nat\u00fcrlich! Bad Cleve!<\/span><\/span><\/a><\/p>\n","protected":false},"author":2,"featured_media":12561,"comment_status":"closed","ping_status":"closed","sticky":false,"template":"","format":"standard","meta":{"footnotes":""},"categories":[3],"tags":[2608],"class_list":["post-12560","post","type-post","status-publish","format-standard","has-post-thumbnail","hentry","category-kleve-in-foto-video","tag-whos-bad-kleve-natuerlich-bad-cleve"],"_links":{"self":[{"href":"https:\/\/www.kle-blatt.de\/blog\/wp-json\/wp\/v2\/posts\/12560","targetHints":{"allow":["GET"]}}],"collection":[{"href":"https:\/\/www.kle-blatt.de\/blog\/wp-json\/wp\/v2\/posts"}],"about":[{"href":"https:\/\/www.kle-blatt.de\/blog\/wp-json\/wp\/v2\/types\/post"}],"author":[{"embeddable":true,"href":"https:\/\/www.kle-blatt.de\/blog\/wp-json\/wp\/v2\/users\/2"}],"replies":[{"embeddable":true,"href":"https:\/\/www.kle-blatt.de\/blog\/wp-json\/wp\/v2\/comments?post=12560"}],"version-history":[{"count":2,"href":"https:\/\/www.kle-blatt.de\/blog\/wp-json\/wp\/v2\/posts\/12560\/revisions"}],"predecessor-version":[{"id":34506,"href":"https:\/\/www.kle-blatt.de\/blog\/wp-json\/wp\/v2\/posts\/12560\/revisions\/34506"}],"wp:featuredmedia":[{"embeddable":true,"href":"https:\/\/www.kle-blatt.de\/blog\/wp-json\/wp\/v2\/media\/12561"}],"wp:attachment":[{"href":"https:\/\/www.kle-blatt.de\/blog\/wp-json\/wp\/v2\/media?parent=12560"}],"wp:term":[{"taxonomy":"category","embeddable":true,"href":"https:\/\/www.kle-blatt.de\/blog\/wp-json\/wp\/v2\/categories?post=12560"},{"taxonomy":"post_tag","embeddable":true,"href":"https:\/\/www.kle-blatt.de\/blog\/wp-json\/wp\/v2\/tags?post=12560"}],"curies":[{"name":"wp","href":"https:\/\/api.w.org\/{rel}","templated":true}]}}