{"id":12689,"date":"2018-12-15T07:00:35","date_gmt":"2018-12-15T05:00:35","guid":{"rendered":"http:\/\/www.kle-blatt.de\/blog\/?p=12689"},"modified":"2018-11-28T18:29:59","modified_gmt":"2018-11-28T16:29:59","slug":"von-wetering-ueber-kermisdahl-zum-spoykanal","status":"publish","type":"post","link":"https:\/\/www.kle-blatt.de\/blog\/kleve-in-foto-video\/aus-dem-privatalbum\/von-wetering-ueber-kermisdahl-zum-spoykanal.html","title":{"rendered":"Wu\u00dftest Du das? Von Wetering \u00fcber Kermisdahl zum Spoykanal"},"content":{"rendered":"<p><strong>Wu\u00dftest Du das? Von Wetering \u00fcber Kermisdahl zum Spoykanal<\/strong><\/p>\n<p>Hier sehen wir das Fl\u00fcsschen Wetering, bevor es Richtung Kleve breiter und damit zum Kermisdahl wird. Dieser wiederum verwandelt sich dann letztendlich in den\u00a0Spoykanal, der bei der Briener Schleuse in den Altrhein flie\u00dft. Eine Klever Wasserstra\u00dfe mit drei verschiedenen Namen.<\/p>\n<p><a href=\"http:\/\/www.kle-blatt.de\/blog\/wp-content\/uploads\/2014\/11\/wetering.jpg\"><img loading=\"lazy\" decoding=\"async\" class=\"alignleft size-full wp-image-12690\" src=\"http:\/\/www.kle-blatt.de\/blog\/wp-content\/uploads\/2014\/11\/wetering.jpg\" alt=\"Wu\u00dftest Du das Von Wetering \u00fcber Kermisdahl zum Spoykanal\" width=\"850\" height=\"547\" \/><\/a><br \/>\n(Foto: Duck (Hans-Wilhelm Heek))<\/p>\n","protected":false},"excerpt":{"rendered":"<p>Wu\u00dftest Du das? Von Wetering \u00fcber Kermisdahl zum Spoykanal Hier sehen wir das Fl\u00fcsschen Wetering, bevor es Richtung Kleve breiter &hellip; <a href=\"https:\/\/www.kle-blatt.de\/blog\/kleve-in-foto-video\/aus-dem-privatalbum\/von-wetering-ueber-kermisdahl-zum-spoykanal.html\" class=\"more-link\"><span class=\"more-button\">Weiterlesen<span class=\"screen-reader-text\">Wu\u00dftest Du das? Von Wetering \u00fcber Kermisdahl zum Spoykanal<\/span><\/span><\/a><\/p>\n","protected":false},"author":2,"featured_media":0,"comment_status":"open","ping_status":"closed","sticky":false,"template":"","format":"standard","meta":{"footnotes":""},"categories":[20],"tags":[2630],"class_list":["post-12689","post","type-post","status-publish","format-standard","hentry","category-aus-dem-privatalbum","tag-von-wetering-ueber-kermisdahl-zum-spoykanal"],"_links":{"self":[{"href":"https:\/\/www.kle-blatt.de\/blog\/wp-json\/wp\/v2\/posts\/12689","targetHints":{"allow":["GET"]}}],"collection":[{"href":"https:\/\/www.kle-blatt.de\/blog\/wp-json\/wp\/v2\/posts"}],"about":[{"href":"https:\/\/www.kle-blatt.de\/blog\/wp-json\/wp\/v2\/types\/post"}],"author":[{"embeddable":true,"href":"https:\/\/www.kle-blatt.de\/blog\/wp-json\/wp\/v2\/users\/2"}],"replies":[{"embeddable":true,"href":"https:\/\/www.kle-blatt.de\/blog\/wp-json\/wp\/v2\/comments?post=12689"}],"version-history":[{"count":0,"href":"https:\/\/www.kle-blatt.de\/blog\/wp-json\/wp\/v2\/posts\/12689\/revisions"}],"wp:attachment":[{"href":"https:\/\/www.kle-blatt.de\/blog\/wp-json\/wp\/v2\/media?parent=12689"}],"wp:term":[{"taxonomy":"category","embeddable":true,"href":"https:\/\/www.kle-blatt.de\/blog\/wp-json\/wp\/v2\/categories?post=12689"},{"taxonomy":"post_tag","embeddable":true,"href":"https:\/\/www.kle-blatt.de\/blog\/wp-json\/wp\/v2\/tags?post=12689"}],"curies":[{"name":"wp","href":"https:\/\/api.w.org\/{rel}","templated":true}]}}