{"id":12826,"date":"2024-12-18T06:00:39","date_gmt":"2024-12-18T04:00:39","guid":{"rendered":"http:\/\/www.kle-blatt.de\/blog\/?p=12826"},"modified":"2024-11-04T12:07:39","modified_gmt":"2024-11-04T10:07:39","slug":"hokovit-der-groesste-brand-der-klever-geschichte","status":"publish","type":"post","link":"https:\/\/www.kle-blatt.de\/blog\/kleve-in-foto-video\/aus-dem-privatalbum\/hokovit-der-groesste-brand-der-klever-geschichte.html","title":{"rendered":"Dabei gewesen? Hokovit &#8211; Der gr\u00f6\u00dfte Brand der Klever Geschichte"},"content":{"rendered":"<p><strong>Dabei gewesen? Hokovit &#8211; Der gr\u00f6\u00dfte Brand der Klever Geschichte<\/strong><\/p>\n<p>Einschr\u00e4nkend sei erw\u00e4hnt, das es sich tats\u00e4chlich um den gr\u00f6\u00dften Brand in der Klever Geschichte bis heute gehandelt hat &#8211; aber nach dem Krieg.<br \/>\nAm Sonntag, den 26. Juni 1977 konnte man sogar von der Emmericher Rheinbr\u00fccke aus die rund 40 Meter hohe Feuers\u00e4ule sehen. Die Feuerwehren aus s\u00e4mtlichen Ortsteilen hatten keine Chance, auch nur irgend etwas vom Geb\u00e4ude zu retten. Hokovit produzierte hier Futtermittel. Aber der weit tragendere Umstand war der, dass das Geb\u00e4udeinnere fast ausschlie\u00dflich aus Holz bestand und somit dem Feuer gen\u00fcgend Nahrung gab, dem Ganzen in kurzer Zeit ein Ende zu setzen.<br \/>\nDas Geb\u00e4ude brannte bis auf die Grundmauern nieder.<\/p>\n<p><a href=\"http:\/\/www.kle-blatt.de\/blog\/wp-content\/uploads\/2014\/11\/1977-Hokovit3.jpg\"><img loading=\"lazy\" decoding=\"async\" class=\"size-full wp-image-12827 aligncenter\" src=\"https:\/\/www.kle-blatt.de\/blog\/wp-content\/uploads\/2014\/11\/1977-Hokovit3.jpg\" alt=\"Dabei gewesen? Hokovit - Der gr\u00f6\u00dfte Brand der Klever Geschichte\" width=\"850\" height=\"1212\" \/><\/a><br \/>\n<a href=\"http:\/\/www.kle-blatt.de\/blog\/wp-content\/uploads\/2014\/11\/1977-Hokovit1.jpg\"><img loading=\"lazy\" decoding=\"async\" class=\"size-full wp-image-12828 aligncenter\" src=\"https:\/\/www.kle-blatt.de\/blog\/wp-content\/uploads\/2014\/11\/1977-Hokovit1.jpg\" alt=\"Dabei gewesen? Hokovit - Der gr\u00f6\u00dfte Brand der Klever Geschichte\" width=\"850\" height=\"513\" \/><\/a><br \/>\n(Fotos: Rainer Killemann)<\/p>\n","protected":false},"excerpt":{"rendered":"<p>Dabei gewesen? Hokovit &#8211; Der gr\u00f6\u00dfte Brand der Klever Geschichte Einschr\u00e4nkend sei erw\u00e4hnt, das es sich tats\u00e4chlich um den gr\u00f6\u00dften &hellip; <a href=\"https:\/\/www.kle-blatt.de\/blog\/kleve-in-foto-video\/aus-dem-privatalbum\/hokovit-der-groesste-brand-der-klever-geschichte.html\" class=\"more-link\"><span class=\"more-button\">Weiterlesen<span class=\"screen-reader-text\">Dabei gewesen? Hokovit &#8211; Der gr\u00f6\u00dfte Brand der Klever Geschichte<\/span><\/span><\/a><\/p>\n","protected":false},"author":2,"featured_media":12827,"comment_status":"closed","ping_status":"closed","sticky":false,"template":"","format":"standard","meta":{"footnotes":""},"categories":[20],"tags":[2664],"class_list":["post-12826","post","type-post","status-publish","format-standard","has-post-thumbnail","hentry","category-aus-dem-privatalbum","tag-hokovit-der-groesste-brand-der-klever-geschichte"],"_links":{"self":[{"href":"https:\/\/www.kle-blatt.de\/blog\/wp-json\/wp\/v2\/posts\/12826","targetHints":{"allow":["GET"]}}],"collection":[{"href":"https:\/\/www.kle-blatt.de\/blog\/wp-json\/wp\/v2\/posts"}],"about":[{"href":"https:\/\/www.kle-blatt.de\/blog\/wp-json\/wp\/v2\/types\/post"}],"author":[{"embeddable":true,"href":"https:\/\/www.kle-blatt.de\/blog\/wp-json\/wp\/v2\/users\/2"}],"replies":[{"embeddable":true,"href":"https:\/\/www.kle-blatt.de\/blog\/wp-json\/wp\/v2\/comments?post=12826"}],"version-history":[{"count":2,"href":"https:\/\/www.kle-blatt.de\/blog\/wp-json\/wp\/v2\/posts\/12826\/revisions"}],"predecessor-version":[{"id":34526,"href":"https:\/\/www.kle-blatt.de\/blog\/wp-json\/wp\/v2\/posts\/12826\/revisions\/34526"}],"wp:featuredmedia":[{"embeddable":true,"href":"https:\/\/www.kle-blatt.de\/blog\/wp-json\/wp\/v2\/media\/12827"}],"wp:attachment":[{"href":"https:\/\/www.kle-blatt.de\/blog\/wp-json\/wp\/v2\/media?parent=12826"}],"wp:term":[{"taxonomy":"category","embeddable":true,"href":"https:\/\/www.kle-blatt.de\/blog\/wp-json\/wp\/v2\/categories?post=12826"},{"taxonomy":"post_tag","embeddable":true,"href":"https:\/\/www.kle-blatt.de\/blog\/wp-json\/wp\/v2\/tags?post=12826"}],"curies":[{"name":"wp","href":"https:\/\/api.w.org\/{rel}","templated":true}]}}