{"id":12907,"date":"2021-12-20T06:30:58","date_gmt":"2021-12-20T04:30:58","guid":{"rendered":"http:\/\/www.kle-blatt.de\/blog\/?p=12907"},"modified":"2021-11-18T13:28:42","modified_gmt":"2021-11-18T11:28:42","slug":"winter-am-alten-fischmarkt","status":"publish","type":"post","link":"https:\/\/www.kle-blatt.de\/blog\/kleve-in-foto-video\/aus-dem-privatalbum\/winter-am-alten-fischmarkt.html","title":{"rendered":"Legend\u00e4res Kleve: Winter am alten Fischmarkt"},"content":{"rendered":"<p><strong>Legend\u00e4res Kleve: Winter am alten Fischmarkt<\/strong><\/p>\n<p>Wir stehen hier auf dem alten Fischmarkt von Kleve und schauen auf das Juweliergesch\u00e4ft Knops, als man den Firmenschriftzug noch in S\u00fcterlin schrieb. Daran kann man in Etwa ermessen, in welchem Winter dieses Bild entstand.<br \/>\nEin Mann mit Ledersch\u00fcrze und Pferdeschlitten posiert f\u00fcr den Fotografen.<br \/>\nMan muss schon sehr genau hinschauen, aber dann entdeckt man eine f\u00fcr damalige Verh\u00e4ltnisse sehr moderne Rakete, die sich kopf\u00fcber in den Boden gebohrt hat. Unmittelbar links neben dem Durchgestrichenen &#8222;P&#8220; im Eingangsbereich des Nachbarhauses kann man sie sehen. \ud83d\ude09<\/p>\n<p><a href=\"http:\/\/www.kle-blatt.de\/blog\/wp-content\/uploads\/2014\/12\/knops.jpg\"><img loading=\"lazy\" decoding=\"async\" class=\"size-full wp-image-12908 aligncenter\" src=\"https:\/\/www.kle-blatt.de\/blog\/wp-content\/uploads\/2014\/12\/knops.jpg\" alt=\"Legend\u00e4res Kleve: Winter am alten Fischmarkt\" width=\"850\" height=\"593\" \/><\/a><br \/>\n(Foto: Fa. Knops)<\/p>\n","protected":false},"excerpt":{"rendered":"<p>Legend\u00e4res Kleve: Winter am alten Fischmarkt Wir stehen hier auf dem alten Fischmarkt von Kleve und schauen auf das Juweliergesch\u00e4ft &hellip; <a href=\"https:\/\/www.kle-blatt.de\/blog\/kleve-in-foto-video\/aus-dem-privatalbum\/winter-am-alten-fischmarkt.html\" class=\"more-link\"><span class=\"more-button\">Weiterlesen<span class=\"screen-reader-text\">Legend\u00e4res Kleve: Winter am alten Fischmarkt<\/span><\/span><\/a><\/p>\n","protected":false},"author":2,"featured_media":12908,"comment_status":"open","ping_status":"closed","sticky":false,"template":"","format":"standard","meta":{"footnotes":""},"categories":[20,3],"tags":[2681],"class_list":["post-12907","post","type-post","status-publish","format-standard","has-post-thumbnail","hentry","category-aus-dem-privatalbum","category-kleve-in-foto-video","tag-winter-am-alten-fischmarkt"],"_links":{"self":[{"href":"https:\/\/www.kle-blatt.de\/blog\/wp-json\/wp\/v2\/posts\/12907","targetHints":{"allow":["GET"]}}],"collection":[{"href":"https:\/\/www.kle-blatt.de\/blog\/wp-json\/wp\/v2\/posts"}],"about":[{"href":"https:\/\/www.kle-blatt.de\/blog\/wp-json\/wp\/v2\/types\/post"}],"author":[{"embeddable":true,"href":"https:\/\/www.kle-blatt.de\/blog\/wp-json\/wp\/v2\/users\/2"}],"replies":[{"embeddable":true,"href":"https:\/\/www.kle-blatt.de\/blog\/wp-json\/wp\/v2\/comments?post=12907"}],"version-history":[{"count":2,"href":"https:\/\/www.kle-blatt.de\/blog\/wp-json\/wp\/v2\/posts\/12907\/revisions"}],"predecessor-version":[{"id":29590,"href":"https:\/\/www.kle-blatt.de\/blog\/wp-json\/wp\/v2\/posts\/12907\/revisions\/29590"}],"wp:featuredmedia":[{"embeddable":true,"href":"https:\/\/www.kle-blatt.de\/blog\/wp-json\/wp\/v2\/media\/12908"}],"wp:attachment":[{"href":"https:\/\/www.kle-blatt.de\/blog\/wp-json\/wp\/v2\/media?parent=12907"}],"wp:term":[{"taxonomy":"category","embeddable":true,"href":"https:\/\/www.kle-blatt.de\/blog\/wp-json\/wp\/v2\/categories?post=12907"},{"taxonomy":"post_tag","embeddable":true,"href":"https:\/\/www.kle-blatt.de\/blog\/wp-json\/wp\/v2\/tags?post=12907"}],"curies":[{"name":"wp","href":"https:\/\/api.w.org\/{rel}","templated":true}]}}