{"id":12914,"date":"2023-12-25T06:10:01","date_gmt":"2023-12-25T04:10:01","guid":{"rendered":"http:\/\/www.kle-blatt.de\/blog\/?p=12914"},"modified":"2023-10-25T14:35:03","modified_gmt":"2023-10-25T12:35:03","slug":"weihnachten-am-fischmarkt","status":"publish","type":"post","link":"https:\/\/www.kle-blatt.de\/blog\/kleve-in-foto-video\/aus-dem-privatalbum\/weihnachten-am-fischmarkt.html","title":{"rendered":"Wei\u00dfe Weihnachten am Fischmarkt"},"content":{"rendered":"<p><strong>Wei\u00dfe Weihnachten am Fischmarkt<\/strong><\/p>\n<p>Es sieht aus wie eine alte Postkutsche, die sich vom Wilden Westen aus auf den Klever Fischmarkt verirrt hat. Sie parkt\u00a0vor dem Juweliergesch\u00e4ft Knops, vor dem wiederum ein pr\u00e4chtiger verschneiter Weihnachtsbaum steht. Im Hintergrund auf der Kirchstra\u00dfe sehen wir noch das alte Fotoatelier von Foto Weber, wo dieses Bild entwickelt wurde. Verschneite Kr\u00e4nze h\u00e4ngen am Zeitungsgeb\u00e4ude links und weiter hoch.<br \/>\nWunderbar verschneite Weihnachten.<\/p>\n<p><a href=\"http:\/\/www.kle-blatt.de\/blog\/wp-content\/uploads\/2014\/12\/knops-kutsche-an-weihnachten.jpg\"><img loading=\"lazy\" decoding=\"async\" class=\"size-full wp-image-12915 aligncenter\" src=\"https:\/\/www.kle-blatt.de\/blog\/wp-content\/uploads\/2014\/12\/knops-kutsche-an-weihnachten.jpg\" alt=\"Wei\u00dfe Weihnachten am Fischmarkt\" width=\"850\" height=\"504\" \/><\/a><br \/>\n(Foto: Fa. Knops)<\/p>\n","protected":false},"excerpt":{"rendered":"<p>Wei\u00dfe Weihnachten am Fischmarkt Es sieht aus wie eine alte Postkutsche, die sich vom Wilden Westen aus auf den Klever &hellip; <a href=\"https:\/\/www.kle-blatt.de\/blog\/kleve-in-foto-video\/aus-dem-privatalbum\/weihnachten-am-fischmarkt.html\" class=\"more-link\"><span class=\"more-button\">Weiterlesen<span class=\"screen-reader-text\">Wei\u00dfe Weihnachten am Fischmarkt<\/span><\/span><\/a><\/p>\n","protected":false},"author":2,"featured_media":12915,"comment_status":"closed","ping_status":"closed","sticky":false,"template":"","format":"standard","meta":{"footnotes":""},"categories":[20],"tags":[4846],"class_list":["post-12914","post","type-post","status-publish","format-standard","has-post-thumbnail","hentry","category-aus-dem-privatalbum","tag-weisse-weihnachten-am-fischmarkt"],"_links":{"self":[{"href":"https:\/\/www.kle-blatt.de\/blog\/wp-json\/wp\/v2\/posts\/12914","targetHints":{"allow":["GET"]}}],"collection":[{"href":"https:\/\/www.kle-blatt.de\/blog\/wp-json\/wp\/v2\/posts"}],"about":[{"href":"https:\/\/www.kle-blatt.de\/blog\/wp-json\/wp\/v2\/types\/post"}],"author":[{"embeddable":true,"href":"https:\/\/www.kle-blatt.de\/blog\/wp-json\/wp\/v2\/users\/2"}],"replies":[{"embeddable":true,"href":"https:\/\/www.kle-blatt.de\/blog\/wp-json\/wp\/v2\/comments?post=12914"}],"version-history":[{"count":2,"href":"https:\/\/www.kle-blatt.de\/blog\/wp-json\/wp\/v2\/posts\/12914\/revisions"}],"predecessor-version":[{"id":32926,"href":"https:\/\/www.kle-blatt.de\/blog\/wp-json\/wp\/v2\/posts\/12914\/revisions\/32926"}],"wp:featuredmedia":[{"embeddable":true,"href":"https:\/\/www.kle-blatt.de\/blog\/wp-json\/wp\/v2\/media\/12915"}],"wp:attachment":[{"href":"https:\/\/www.kle-blatt.de\/blog\/wp-json\/wp\/v2\/media?parent=12914"}],"wp:term":[{"taxonomy":"category","embeddable":true,"href":"https:\/\/www.kle-blatt.de\/blog\/wp-json\/wp\/v2\/categories?post=12914"},{"taxonomy":"post_tag","embeddable":true,"href":"https:\/\/www.kle-blatt.de\/blog\/wp-json\/wp\/v2\/tags?post=12914"}],"curies":[{"name":"wp","href":"https:\/\/api.w.org\/{rel}","templated":true}]}}