{"id":12918,"date":"2026-01-23T06:30:02","date_gmt":"2026-01-23T04:30:02","guid":{"rendered":"http:\/\/www.kle-blatt.de\/blog\/?p=12918"},"modified":"2026-01-23T10:42:41","modified_gmt":"2026-01-23T08:42:41","slug":"der-tante-emma-laden-am-kellener-freibad","status":"publish","type":"post","link":"https:\/\/www.kle-blatt.de\/blog\/kleve-in-foto-video\/aus-dem-privatalbum\/der-tante-emma-laden-am-kellener-freibad.html","title":{"rendered":"Der Tante Emma Laden am Kellener Freibad"},"content":{"rendered":"<p><strong>Der Tante Emma Laden am Kellener Freibad<\/strong><\/p>\n<p>Dieses Bild entstand im Jahre 1972 und zeigt die Inhaberin des kleinen Centra-Ladens, Frau van Berkum,\u00a0auf der damaligen Kreuzhofstra\u00dfe (heute van-den-Bergh-Stra\u00dfe), der sich schr\u00e4g gegen\u00fcber vom derzeitigen Kellener Freibad befand.<br \/>\nWir sehen hier die g\u00e4ngigen Produkte eines Lebensmittel-Gesch\u00e4ftes der Siebziger, die auch heute noch zum gro\u00dfen Teil die Grundnahrungsmittel darstellen.<br \/>\nGut erkennbar sind im Regal die Dosenmilchmarken Gl\u00fccksklee und B\u00e4renmarke, Brand Zwieback, K\u00f6lner Zucker. Pfanni Kartoffelkn\u00f6del, Diamant Mehl, Biskin und Palmin Backfette, Milkana K\u00e4se-Dreiecke, Appel und Kraft Majonnaise, Bounty-Riegel und vieles mehr. Heute alles Markenprodukte. Damals gab es keine Billig- oder Eigenmarken, denn das Sauerkraut kam noch frisch aus dem\u00a0Fass, ebenso wie eingelegte Heringe. Bohnen, Mais und Erbsen waren getrocknet und wurden &#8222;lose&#8220; verkauft. Das traf auch f\u00fcr Bonbons zu. Und auch die Waage war noch nicht elektronisch. \ud83d\ude42<\/p>\n<p><a href=\"http:\/\/www.kle-blatt.de\/blog\/wp-content\/uploads\/2014\/12\/tante-emma-laden-1972.jpg\"><img loading=\"lazy\" decoding=\"async\" class=\"size-full wp-image-12919 aligncenter\" src=\"https:\/\/www.kle-blatt.de\/blog\/wp-content\/uploads\/2014\/12\/tante-emma-laden-1972.jpg\" alt=\"Der Tante Emma Laden am Kellener Freibad\" width=\"850\" height=\"843\" \/><\/a><br \/>\n(Foto: KLE-Blatt)<\/p>\n","protected":false},"excerpt":{"rendered":"<p>Der Tante Emma Laden am Kellener Freibad Dieses Bild entstand im Jahre 1972 und zeigt die Inhaberin des kleinen Centra-Ladens, &hellip; <a href=\"https:\/\/www.kle-blatt.de\/blog\/kleve-in-foto-video\/aus-dem-privatalbum\/der-tante-emma-laden-am-kellener-freibad.html\" class=\"more-link\"><span class=\"more-button\">Weiterlesen<span class=\"screen-reader-text\">Der Tante Emma Laden am Kellener Freibad<\/span><\/span><\/a><\/p>\n","protected":false},"author":2,"featured_media":12919,"comment_status":"closed","ping_status":"closed","sticky":false,"template":"","format":"standard","meta":{"footnotes":""},"categories":[20],"tags":[2684],"class_list":["post-12918","post","type-post","status-publish","format-standard","has-post-thumbnail","hentry","category-aus-dem-privatalbum","tag-der-tante-emma-laden-am-kellener-freibad"],"_links":{"self":[{"href":"https:\/\/www.kle-blatt.de\/blog\/wp-json\/wp\/v2\/posts\/12918","targetHints":{"allow":["GET"]}}],"collection":[{"href":"https:\/\/www.kle-blatt.de\/blog\/wp-json\/wp\/v2\/posts"}],"about":[{"href":"https:\/\/www.kle-blatt.de\/blog\/wp-json\/wp\/v2\/types\/post"}],"author":[{"embeddable":true,"href":"https:\/\/www.kle-blatt.de\/blog\/wp-json\/wp\/v2\/users\/2"}],"replies":[{"embeddable":true,"href":"https:\/\/www.kle-blatt.de\/blog\/wp-json\/wp\/v2\/comments?post=12918"}],"version-history":[{"count":3,"href":"https:\/\/www.kle-blatt.de\/blog\/wp-json\/wp\/v2\/posts\/12918\/revisions"}],"predecessor-version":[{"id":36573,"href":"https:\/\/www.kle-blatt.de\/blog\/wp-json\/wp\/v2\/posts\/12918\/revisions\/36573"}],"wp:featuredmedia":[{"embeddable":true,"href":"https:\/\/www.kle-blatt.de\/blog\/wp-json\/wp\/v2\/media\/12919"}],"wp:attachment":[{"href":"https:\/\/www.kle-blatt.de\/blog\/wp-json\/wp\/v2\/media?parent=12918"}],"wp:term":[{"taxonomy":"category","embeddable":true,"href":"https:\/\/www.kle-blatt.de\/blog\/wp-json\/wp\/v2\/categories?post=12918"},{"taxonomy":"post_tag","embeddable":true,"href":"https:\/\/www.kle-blatt.de\/blog\/wp-json\/wp\/v2\/tags?post=12918"}],"curies":[{"name":"wp","href":"https:\/\/api.w.org\/{rel}","templated":true}]}}