{"id":13124,"date":"2018-01-21T07:00:08","date_gmt":"2018-01-21T05:00:08","guid":{"rendered":"http:\/\/www.kle-blatt.de\/blog\/?p=13124"},"modified":"2017-12-27T12:42:35","modified_gmt":"2017-12-27T10:42:35","slug":"die-naechtliche-kreuzung-an-der-linde","status":"publish","type":"post","link":"https:\/\/www.kle-blatt.de\/blog\/kleve-in-foto-video\/aus-dem-privatalbum\/die-naechtliche-kreuzung-an-der-linde.html","title":{"rendered":"Die n\u00e4chtliche Kreuzung an der Linde"},"content":{"rendered":"<p><strong>Die n\u00e4chtliche Kreuzung an der Linde<\/strong><\/p>\n<p>Das sch\u00f6nste Bild f\u00fcr Autofahrer: Gr\u00fcne Ampeln!<br \/>\nWir sehen hier die Kreuzung Lindenallee-Hagsche Stra\u00dfe-Hoffmannallee in einem unwirklichen Licht.<\/p>\n<p><a href=\"http:\/\/www.kle-blatt.de\/blog\/wp-content\/uploads\/2014\/12\/lindenallee-am-abend.jpg\"><img loading=\"lazy\" decoding=\"async\" class=\"alignleft size-full wp-image-13125\" src=\"http:\/\/www.kle-blatt.de\/blog\/wp-content\/uploads\/2014\/12\/lindenallee-am-abend.jpg\" alt=\"Die n\u00e4chtliche Kreuzung an der Linde\" width=\"850\" height=\"588\" \/><\/a><br \/>\n(Foto: Christian Flock)<\/p>\n","protected":false},"excerpt":{"rendered":"<p>Die n\u00e4chtliche Kreuzung an der Linde Das sch\u00f6nste Bild f\u00fcr Autofahrer: Gr\u00fcne Ampeln! Wir sehen hier die Kreuzung Lindenallee-Hagsche Stra\u00dfe-Hoffmannallee &hellip; <a href=\"https:\/\/www.kle-blatt.de\/blog\/kleve-in-foto-video\/aus-dem-privatalbum\/die-naechtliche-kreuzung-an-der-linde.html\" class=\"more-link\"><span class=\"more-button\">Weiterlesen<span class=\"screen-reader-text\">Die n\u00e4chtliche Kreuzung an der Linde<\/span><\/span><\/a><\/p>\n","protected":false},"author":2,"featured_media":0,"comment_status":"open","ping_status":"closed","sticky":false,"template":"","format":"standard","meta":{"footnotes":""},"categories":[20],"tags":[2723],"class_list":["post-13124","post","type-post","status-publish","format-standard","hentry","category-aus-dem-privatalbum","tag-die-naechtliche-kreuzung-an-der-linde"],"_links":{"self":[{"href":"https:\/\/www.kle-blatt.de\/blog\/wp-json\/wp\/v2\/posts\/13124","targetHints":{"allow":["GET"]}}],"collection":[{"href":"https:\/\/www.kle-blatt.de\/blog\/wp-json\/wp\/v2\/posts"}],"about":[{"href":"https:\/\/www.kle-blatt.de\/blog\/wp-json\/wp\/v2\/types\/post"}],"author":[{"embeddable":true,"href":"https:\/\/www.kle-blatt.de\/blog\/wp-json\/wp\/v2\/users\/2"}],"replies":[{"embeddable":true,"href":"https:\/\/www.kle-blatt.de\/blog\/wp-json\/wp\/v2\/comments?post=13124"}],"version-history":[{"count":0,"href":"https:\/\/www.kle-blatt.de\/blog\/wp-json\/wp\/v2\/posts\/13124\/revisions"}],"wp:attachment":[{"href":"https:\/\/www.kle-blatt.de\/blog\/wp-json\/wp\/v2\/media?parent=13124"}],"wp:term":[{"taxonomy":"category","embeddable":true,"href":"https:\/\/www.kle-blatt.de\/blog\/wp-json\/wp\/v2\/categories?post=13124"},{"taxonomy":"post_tag","embeddable":true,"href":"https:\/\/www.kle-blatt.de\/blog\/wp-json\/wp\/v2\/tags?post=13124"}],"curies":[{"name":"wp","href":"https:\/\/api.w.org\/{rel}","templated":true}]}}