{"id":13130,"date":"2024-01-07T07:00:45","date_gmt":"2024-01-07T05:00:45","guid":{"rendered":"http:\/\/www.kle-blatt.de\/blog\/?p=13130"},"modified":"2023-12-13T13:48:56","modified_gmt":"2023-12-13T11:48:56","slug":"burgtheater-kleve-geoeffnet","status":"publish","type":"post","link":"https:\/\/www.kle-blatt.de\/blog\/kleve-in-foto-video\/aus-dem-privatalbum\/burgtheater-kleve-geoeffnet.html","title":{"rendered":"Burgtheater Kleve ge\u00f6ffnet!"},"content":{"rendered":"<p><strong>Burgtheater Kleve ge\u00f6ffnet!<\/strong><\/p>\n<p>F\u00fcr alle Freundinnen und Freunde des legend\u00e4ren Klever Kinos \u00f6ffnen wir noch einmal die T\u00fcr und lassen nochmal in Filmerinnerungen schwelgen. Dies d\u00fcrfte die letzte Aufnahme des ge\u00f6ffneten Burgtheaters sein. Nostalgie pur!<\/p>\n<p><a href=\"http:\/\/www.kle-blatt.de\/blog\/wp-content\/uploads\/2014\/12\/burgt\u00fcr.jpg\"><img loading=\"lazy\" decoding=\"async\" class=\"size-full wp-image-13131 aligncenter\" src=\"https:\/\/www.kle-blatt.de\/blog\/wp-content\/uploads\/2014\/12\/burgt\u00fcr.jpg\" alt=\"Burgtheater Kleve ge\u00f6ffnet\" width=\"850\" height=\"584\" \/><\/a><br \/>\n(Foto: J\u00fcrgen Eickelkamp)<\/p>\n","protected":false},"excerpt":{"rendered":"<p>Burgtheater Kleve ge\u00f6ffnet! F\u00fcr alle Freundinnen und Freunde des legend\u00e4ren Klever Kinos \u00f6ffnen wir noch einmal die T\u00fcr und lassen &hellip; <a href=\"https:\/\/www.kle-blatt.de\/blog\/kleve-in-foto-video\/aus-dem-privatalbum\/burgtheater-kleve-geoeffnet.html\" class=\"more-link\"><span class=\"more-button\">Weiterlesen<span class=\"screen-reader-text\">Burgtheater Kleve ge\u00f6ffnet!<\/span><\/span><\/a><\/p>\n","protected":false},"author":2,"featured_media":13131,"comment_status":"closed","ping_status":"closed","sticky":false,"template":"","format":"standard","meta":{"footnotes":""},"categories":[20],"tags":[2725],"class_list":["post-13130","post","type-post","status-publish","format-standard","has-post-thumbnail","hentry","category-aus-dem-privatalbum","tag-burgtheater-kleve-geoeffnet"],"_links":{"self":[{"href":"https:\/\/www.kle-blatt.de\/blog\/wp-json\/wp\/v2\/posts\/13130","targetHints":{"allow":["GET"]}}],"collection":[{"href":"https:\/\/www.kle-blatt.de\/blog\/wp-json\/wp\/v2\/posts"}],"about":[{"href":"https:\/\/www.kle-blatt.de\/blog\/wp-json\/wp\/v2\/types\/post"}],"author":[{"embeddable":true,"href":"https:\/\/www.kle-blatt.de\/blog\/wp-json\/wp\/v2\/users\/2"}],"replies":[{"embeddable":true,"href":"https:\/\/www.kle-blatt.de\/blog\/wp-json\/wp\/v2\/comments?post=13130"}],"version-history":[{"count":2,"href":"https:\/\/www.kle-blatt.de\/blog\/wp-json\/wp\/v2\/posts\/13130\/revisions"}],"predecessor-version":[{"id":33100,"href":"https:\/\/www.kle-blatt.de\/blog\/wp-json\/wp\/v2\/posts\/13130\/revisions\/33100"}],"wp:featuredmedia":[{"embeddable":true,"href":"https:\/\/www.kle-blatt.de\/blog\/wp-json\/wp\/v2\/media\/13131"}],"wp:attachment":[{"href":"https:\/\/www.kle-blatt.de\/blog\/wp-json\/wp\/v2\/media?parent=13130"}],"wp:term":[{"taxonomy":"category","embeddable":true,"href":"https:\/\/www.kle-blatt.de\/blog\/wp-json\/wp\/v2\/categories?post=13130"},{"taxonomy":"post_tag","embeddable":true,"href":"https:\/\/www.kle-blatt.de\/blog\/wp-json\/wp\/v2\/tags?post=13130"}],"curies":[{"name":"wp","href":"https:\/\/api.w.org\/{rel}","templated":true}]}}