{"id":13152,"date":"2022-01-31T06:10:57","date_gmt":"2022-01-31T04:10:57","guid":{"rendered":"http:\/\/www.kle-blatt.de\/blog\/?p=13152"},"modified":"2021-12-16T11:55:51","modified_gmt":"2021-12-16T09:55:51","slug":"die-breijpott-troepfchen-aus-kellen","status":"publish","type":"post","link":"https:\/\/www.kle-blatt.de\/blog\/kleve-in-foto-video\/die-breijpott-troepfchen-aus-kellen.html","title":{"rendered":"Warst Du auch mal ein &#8222;Brejpott-Tr\u00f6pfchen&#8220; aus Kellen?"},"content":{"rendered":"<p><strong>Warst Du auch mal ein &#8222;Brejpott-Tr\u00f6pfchen&#8220; aus Kellen?<\/strong><\/p>\n<p>Sie haben sich \u00fcber die Jahre einen guten Ruf erarbeitet, die Tanzgruppe der Karnevalsgesellschaft Brejpott Quaker.<br \/>\nIm Jahre 1982 traten die &#8222;Brejpott-Tr\u00f6pfchen&#8220; erstmals bei einer Quaker Sitzung auf und begeisterten sofort ihr Publikum. Verantwortlich daf\u00fcr waren Margret und Theo Kehren, die wir hier im Kreise der sportlichen und h\u00fcbschen Akteurinnen sehen.<\/p>\n<p><a href=\"http:\/\/www.kle-blatt.de\/blog\/wp-content\/uploads\/2014\/12\/tr\u00f6pfchen-59.jpg\"><img loading=\"lazy\" decoding=\"async\" class=\"size-full wp-image-13153 aligncenter\" src=\"https:\/\/www.kle-blatt.de\/blog\/wp-content\/uploads\/2014\/12\/tr\u00f6pfchen-59.jpg\" alt=\"Warst Du auch mal ein \" width=\"850\" height=\"543\" \/><\/a><br \/>\n(Foto: \u201c50 Jahre Brejpott-Quaker Kellen\u201d \u2013 Wolfgang Dahms)<\/p>\n","protected":false},"excerpt":{"rendered":"<p>Warst Du auch mal ein &#8222;Brejpott-Tr\u00f6pfchen&#8220; aus Kellen? Sie haben sich \u00fcber die Jahre einen guten Ruf erarbeitet, die Tanzgruppe &hellip; <a href=\"https:\/\/www.kle-blatt.de\/blog\/kleve-in-foto-video\/die-breijpott-troepfchen-aus-kellen.html\" class=\"more-link\"><span class=\"more-button\">Weiterlesen<span class=\"screen-reader-text\">Warst Du auch mal ein &#8222;Brejpott-Tr\u00f6pfchen&#8220; aus Kellen?<\/span><\/span><\/a><\/p>\n","protected":false},"author":2,"featured_media":13153,"comment_status":"open","ping_status":"closed","sticky":false,"template":"","format":"standard","meta":{"footnotes":""},"categories":[3],"tags":[3666],"class_list":["post-13152","post","type-post","status-publish","format-standard","has-post-thumbnail","hentry","category-kleve-in-foto-video","tag-die-brejpott-troepfchen-aus-kellen"],"_links":{"self":[{"href":"https:\/\/www.kle-blatt.de\/blog\/wp-json\/wp\/v2\/posts\/13152","targetHints":{"allow":["GET"]}}],"collection":[{"href":"https:\/\/www.kle-blatt.de\/blog\/wp-json\/wp\/v2\/posts"}],"about":[{"href":"https:\/\/www.kle-blatt.de\/blog\/wp-json\/wp\/v2\/types\/post"}],"author":[{"embeddable":true,"href":"https:\/\/www.kle-blatt.de\/blog\/wp-json\/wp\/v2\/users\/2"}],"replies":[{"embeddable":true,"href":"https:\/\/www.kle-blatt.de\/blog\/wp-json\/wp\/v2\/comments?post=13152"}],"version-history":[{"count":2,"href":"https:\/\/www.kle-blatt.de\/blog\/wp-json\/wp\/v2\/posts\/13152\/revisions"}],"predecessor-version":[{"id":29746,"href":"https:\/\/www.kle-blatt.de\/blog\/wp-json\/wp\/v2\/posts\/13152\/revisions\/29746"}],"wp:featuredmedia":[{"embeddable":true,"href":"https:\/\/www.kle-blatt.de\/blog\/wp-json\/wp\/v2\/media\/13153"}],"wp:attachment":[{"href":"https:\/\/www.kle-blatt.de\/blog\/wp-json\/wp\/v2\/media?parent=13152"}],"wp:term":[{"taxonomy":"category","embeddable":true,"href":"https:\/\/www.kle-blatt.de\/blog\/wp-json\/wp\/v2\/categories?post=13152"},{"taxonomy":"post_tag","embeddable":true,"href":"https:\/\/www.kle-blatt.de\/blog\/wp-json\/wp\/v2\/tags?post=13152"}],"curies":[{"name":"wp","href":"https:\/\/api.w.org\/{rel}","templated":true}]}}