{"id":13214,"date":"2026-01-24T07:00:07","date_gmt":"2026-01-24T05:00:07","guid":{"rendered":"http:\/\/www.kle-blatt.de\/blog\/?p=13214"},"modified":"2025-12-03T14:31:21","modified_gmt":"2025-12-03T12:31:21","slug":"das-heidelberger-fass-in-kellen","status":"publish","type":"post","link":"https:\/\/www.kle-blatt.de\/blog\/kleve-in-foto-video\/das-heidelberger-fass-in-kellen.html","title":{"rendered":"Hast Du im &#8222;Heidelberger Fass&#8220; in Kellen mal ein Bier getrunken?"},"content":{"rendered":"<p><strong>Hast Du im &#8222;Heidelberger Fass&#8220; in Kellen mal ein Bier getrunken?<\/strong><\/p>\n<p>Hier befand sich im Jahre 1955, als dieses Bild entstand, eine Haltestelle der Stra\u00dfenbahn. Im Haus selbst gab es neben der Gastst\u00e4tte auch noch ein Postamt. Wir sehen die Emmericher Stra\u00dfe noch gepflastert.<br \/>\nJahrzehntelang bewirtschaftete die schon legend\u00e4re &#8222;Mutt Verweyen&#8220; die Gastst\u00e4tte, bis man das Geb\u00e4ude im Jahre 2002 abriss, um die Abbiegespur zum Aldi-Markt zu bauen.<\/p>\n<p><a href=\"http:\/\/www.kle-blatt.de\/blog\/wp-content\/uploads\/2014\/12\/heidelberger-fa\u00df-51.jpg\"><img loading=\"lazy\" decoding=\"async\" class=\"size-full wp-image-13215 aligncenter\" src=\"https:\/\/www.kle-blatt.de\/blog\/wp-content\/uploads\/2014\/12\/heidelberger-fa\u00df-51.jpg\" alt=\"Hast Du im Heidelberger Fass in Kellen mal ein Bier getrunken?\" width=\"850\" height=\"513\" \/><\/a><br \/>\n(Foto: Eduard Bouwman)<\/p>\n","protected":false},"excerpt":{"rendered":"<p>Hast Du im &#8222;Heidelberger Fass&#8220; in Kellen mal ein Bier getrunken? Hier befand sich im Jahre 1955, als dieses Bild &hellip; <a href=\"https:\/\/www.kle-blatt.de\/blog\/kleve-in-foto-video\/das-heidelberger-fass-in-kellen.html\" class=\"more-link\"><span class=\"more-button\">Weiterlesen<span class=\"screen-reader-text\">Hast Du im &#8222;Heidelberger Fass&#8220; in Kellen mal ein Bier getrunken?<\/span><\/span><\/a><\/p>\n","protected":false},"author":2,"featured_media":13215,"comment_status":"closed","ping_status":"closed","sticky":false,"template":"","format":"standard","meta":{"footnotes":""},"categories":[3],"tags":[2751,5240],"class_list":["post-13214","post","type-post","status-publish","format-standard","has-post-thumbnail","hentry","category-kleve-in-foto-video","tag-das-heidelberger-fass-in-kellen","tag-hast-du-im-heidelberger-fass-in-kellen-mal-ein-bier-getrunken"],"_links":{"self":[{"href":"https:\/\/www.kle-blatt.de\/blog\/wp-json\/wp\/v2\/posts\/13214","targetHints":{"allow":["GET"]}}],"collection":[{"href":"https:\/\/www.kle-blatt.de\/blog\/wp-json\/wp\/v2\/posts"}],"about":[{"href":"https:\/\/www.kle-blatt.de\/blog\/wp-json\/wp\/v2\/types\/post"}],"author":[{"embeddable":true,"href":"https:\/\/www.kle-blatt.de\/blog\/wp-json\/wp\/v2\/users\/2"}],"replies":[{"embeddable":true,"href":"https:\/\/www.kle-blatt.de\/blog\/wp-json\/wp\/v2\/comments?post=13214"}],"version-history":[{"count":3,"href":"https:\/\/www.kle-blatt.de\/blog\/wp-json\/wp\/v2\/posts\/13214\/revisions"}],"predecessor-version":[{"id":36285,"href":"https:\/\/www.kle-blatt.de\/blog\/wp-json\/wp\/v2\/posts\/13214\/revisions\/36285"}],"wp:featuredmedia":[{"embeddable":true,"href":"https:\/\/www.kle-blatt.de\/blog\/wp-json\/wp\/v2\/media\/13215"}],"wp:attachment":[{"href":"https:\/\/www.kle-blatt.de\/blog\/wp-json\/wp\/v2\/media?parent=13214"}],"wp:term":[{"taxonomy":"category","embeddable":true,"href":"https:\/\/www.kle-blatt.de\/blog\/wp-json\/wp\/v2\/categories?post=13214"},{"taxonomy":"post_tag","embeddable":true,"href":"https:\/\/www.kle-blatt.de\/blog\/wp-json\/wp\/v2\/tags?post=13214"}],"curies":[{"name":"wp","href":"https:\/\/api.w.org\/{rel}","templated":true}]}}