{"id":13229,"date":"2022-01-04T06:00:04","date_gmt":"2022-01-04T04:00:04","guid":{"rendered":"http:\/\/www.kle-blatt.de\/blog\/?p=13229"},"modified":"2021-12-15T14:38:34","modified_gmt":"2021-12-15T12:38:34","slug":"der-blaue-himmel-in-kleve","status":"publish","type":"post","link":"https:\/\/www.kle-blatt.de\/blog\/kleve-in-foto-video\/der-blaue-himmel-in-kleve.html","title":{"rendered":"Der Blaue Himmel in Kleve"},"content":{"rendered":"<p><strong>Der Blaue Himmel in Kleve<\/strong><\/p>\n<p>Es ist der Weg um die \u00e4u\u00dfere Ringmauer der Schwanenburg, der hier am Zwingertor beginnt. Dieses Tor ist bereits im Jahre 1664 &#8211; so zeigt es der sogenannte Schlu\u00dfstein &#8211; von Pieter Post errichtet worden. Der Name &#8222;Blauer Himmel&#8220; l\u00e4sst sich zur\u00fcckf\u00fchren auf die Tatsache, das der Weg rund um die Burg in die H\u00f6he &#8211; also zum Himmel &#8211; f\u00fchrte. Damals waren Wolkenkratzer noch nicht so in aller Munde. \ud83d\ude42<br \/>\nRechts sehen wir die gegen den Burgberg gerichtete Mauer, links die oberen Geschosse der mehrgeschossigen H\u00e4user von der Schlo\u00dfstra\u00dfe.<\/p>\n<p><a href=\"http:\/\/www.kle-blatt.de\/blog\/wp-content\/uploads\/2014\/12\/blauer-himmel-nr29.jpg\"><img loading=\"lazy\" decoding=\"async\" class=\"size-full wp-image-13230 aligncenter\" src=\"https:\/\/www.kle-blatt.de\/blog\/wp-content\/uploads\/2014\/12\/blauer-himmel-nr29.jpg\" alt=\"Der Blaue Himmel in Kleve\" width=\"850\" height=\"1126\" \/><\/a><br \/>\n(Foto: &#8222;Bilder von Kleve&#8220; &#8211; E.Steiger)<\/p>\n","protected":false},"excerpt":{"rendered":"<p>Der Blaue Himmel in Kleve Es ist der Weg um die \u00e4u\u00dfere Ringmauer der Schwanenburg, der hier am Zwingertor beginnt. &hellip; <a href=\"https:\/\/www.kle-blatt.de\/blog\/kleve-in-foto-video\/der-blaue-himmel-in-kleve.html\" class=\"more-link\"><span class=\"more-button\">Weiterlesen<span class=\"screen-reader-text\">Der Blaue Himmel in Kleve<\/span><\/span><\/a><\/p>\n","protected":false},"author":2,"featured_media":13230,"comment_status":"open","ping_status":"closed","sticky":false,"template":"","format":"standard","meta":{"footnotes":""},"categories":[3],"tags":[2755],"class_list":["post-13229","post","type-post","status-publish","format-standard","has-post-thumbnail","hentry","category-kleve-in-foto-video","tag-der-blaue-himmel-in-kleve"],"_links":{"self":[{"href":"https:\/\/www.kle-blatt.de\/blog\/wp-json\/wp\/v2\/posts\/13229","targetHints":{"allow":["GET"]}}],"collection":[{"href":"https:\/\/www.kle-blatt.de\/blog\/wp-json\/wp\/v2\/posts"}],"about":[{"href":"https:\/\/www.kle-blatt.de\/blog\/wp-json\/wp\/v2\/types\/post"}],"author":[{"embeddable":true,"href":"https:\/\/www.kle-blatt.de\/blog\/wp-json\/wp\/v2\/users\/2"}],"replies":[{"embeddable":true,"href":"https:\/\/www.kle-blatt.de\/blog\/wp-json\/wp\/v2\/comments?post=13229"}],"version-history":[{"count":2,"href":"https:\/\/www.kle-blatt.de\/blog\/wp-json\/wp\/v2\/posts\/13229\/revisions"}],"predecessor-version":[{"id":29728,"href":"https:\/\/www.kle-blatt.de\/blog\/wp-json\/wp\/v2\/posts\/13229\/revisions\/29728"}],"wp:featuredmedia":[{"embeddable":true,"href":"https:\/\/www.kle-blatt.de\/blog\/wp-json\/wp\/v2\/media\/13230"}],"wp:attachment":[{"href":"https:\/\/www.kle-blatt.de\/blog\/wp-json\/wp\/v2\/media?parent=13229"}],"wp:term":[{"taxonomy":"category","embeddable":true,"href":"https:\/\/www.kle-blatt.de\/blog\/wp-json\/wp\/v2\/categories?post=13229"},{"taxonomy":"post_tag","embeddable":true,"href":"https:\/\/www.kle-blatt.de\/blog\/wp-json\/wp\/v2\/tags?post=13229"}],"curies":[{"name":"wp","href":"https:\/\/api.w.org\/{rel}","templated":true}]}}