{"id":13472,"date":"2024-03-16T07:00:07","date_gmt":"2024-03-16T05:00:07","guid":{"rendered":"http:\/\/www.kle-blatt.de\/blog\/?p=13472"},"modified":"2024-02-10T13:44:55","modified_gmt":"2024-02-10T11:44:55","slug":"kleve-am-meer","status":"publish","type":"post","link":"https:\/\/www.kle-blatt.de\/blog\/kleve-in-foto-video\/aus-dem-privatalbum\/kleve-am-meer.html","title":{"rendered":"Kleve am Meer"},"content":{"rendered":"<p><strong>Kleve am Meer<\/strong><\/p>\n<p>Wenn man Reisekataloge w\u00e4lzt und sich irgendwann f\u00fcr ein sch\u00f6nes Hotel entschieden hat, dann kann es vorkommen, das die Wirklichkeit vor Ort ganz anders aussieht. Vermutlich hat jeder schon einmal diese Erfahrung gemacht. Die Macher dieser Reise-Hochglanz-Pr\u00e4sentationen arbeiten mit allen fotografischen und mittlerweile auch digitalen Tricks, um alles vor Ort wesentlich besser aussehen zu lassen als in der Realit\u00e4t. Es wird retuschiert und korrigiert, was die Socke h\u00e4lt.<br \/>\nWarum also sollte man zur Ankurbelung des Tourismus unsere sch\u00f6ne Stadt Kleve nicht kurzerhand ans Meer versetzen?<br \/>\nZumindest die Idee k\u00f6nnte sehr reizvoll sein, wie man auf diesem Bild sehen kann.<br \/>\nAllerdings st\u00e4nde dann auch die komplette Unterstadt unter Wasser. Also doch keine so reizvolle Geschichte. \ud83d\ude09<\/p>\n<p><a href=\"http:\/\/www.kle-blatt.de\/blog\/wp-content\/uploads\/2015\/01\/burg-im-meer.jpg\"><img loading=\"lazy\" decoding=\"async\" class=\"size-full wp-image-13473 aligncenter\" src=\"https:\/\/www.kle-blatt.de\/blog\/wp-content\/uploads\/2015\/01\/burg-im-meer.jpg\" alt=\"Kleve am Meer\" width=\"849\" height=\"568\" \/><\/a><br \/>\n(Foto + Bildbearbeitung: Klaus Viethen)<\/p>\n","protected":false},"excerpt":{"rendered":"<p>Kleve am Meer Wenn man Reisekataloge w\u00e4lzt und sich irgendwann f\u00fcr ein sch\u00f6nes Hotel entschieden hat, dann kann es vorkommen, &hellip; <a href=\"https:\/\/www.kle-blatt.de\/blog\/kleve-in-foto-video\/aus-dem-privatalbum\/kleve-am-meer.html\" class=\"more-link\"><span class=\"more-button\">Weiterlesen<span class=\"screen-reader-text\">Kleve am Meer<\/span><\/span><\/a><\/p>\n","protected":false},"author":2,"featured_media":13473,"comment_status":"closed","ping_status":"closed","sticky":false,"template":"","format":"standard","meta":{"footnotes":""},"categories":[20],"tags":[2799],"class_list":["post-13472","post","type-post","status-publish","format-standard","has-post-thumbnail","hentry","category-aus-dem-privatalbum","tag-kleve-am-meer"],"_links":{"self":[{"href":"https:\/\/www.kle-blatt.de\/blog\/wp-json\/wp\/v2\/posts\/13472","targetHints":{"allow":["GET"]}}],"collection":[{"href":"https:\/\/www.kle-blatt.de\/blog\/wp-json\/wp\/v2\/posts"}],"about":[{"href":"https:\/\/www.kle-blatt.de\/blog\/wp-json\/wp\/v2\/types\/post"}],"author":[{"embeddable":true,"href":"https:\/\/www.kle-blatt.de\/blog\/wp-json\/wp\/v2\/users\/2"}],"replies":[{"embeddable":true,"href":"https:\/\/www.kle-blatt.de\/blog\/wp-json\/wp\/v2\/comments?post=13472"}],"version-history":[{"count":1,"href":"https:\/\/www.kle-blatt.de\/blog\/wp-json\/wp\/v2\/posts\/13472\/revisions"}],"predecessor-version":[{"id":33429,"href":"https:\/\/www.kle-blatt.de\/blog\/wp-json\/wp\/v2\/posts\/13472\/revisions\/33429"}],"wp:featuredmedia":[{"embeddable":true,"href":"https:\/\/www.kle-blatt.de\/blog\/wp-json\/wp\/v2\/media\/13473"}],"wp:attachment":[{"href":"https:\/\/www.kle-blatt.de\/blog\/wp-json\/wp\/v2\/media?parent=13472"}],"wp:term":[{"taxonomy":"category","embeddable":true,"href":"https:\/\/www.kle-blatt.de\/blog\/wp-json\/wp\/v2\/categories?post=13472"},{"taxonomy":"post_tag","embeddable":true,"href":"https:\/\/www.kle-blatt.de\/blog\/wp-json\/wp\/v2\/tags?post=13472"}],"curies":[{"name":"wp","href":"https:\/\/api.w.org\/{rel}","templated":true}]}}